{"id":32117,"date":"2026-05-03T06:15:04","date_gmt":"2026-05-03T10:15:04","guid":{"rendered":"https:\/\/entretormentas.com\/?p=32117"},"modified":"2026-05-03T06:15:05","modified_gmt":"2026-05-03T10:15:05","slug":"en-el-municipio-mara-avanzan-los-trabajos-de-rehabilitacion-de-vialidad-en-el-eje-cachiri","status":"publish","type":"post","link":"https:\/\/entretormentas.com\/en-el-municipio-mara-avanzan-los-trabajos-de-rehabilitacion-de-vialidad-en-el-eje-cachiri\/","title":{"rendered":"\u00a1EN EL MUNICIPIO MARA! Avanzan los trabajos de rehabilitaci\u00f3n de vialidad en el eje Cachir\u00ed"},"content":{"rendered":"\n<p><strong>ENTRE TORMENTAS.<\/strong> \u200eEn atenci\u00f3n directa a las necesidades de las comunidades rurales, este s\u00e1bado 2 de mayo, el alcalde del municipio Mara, Edgar Labarca, realiz\u00f3 una inspecci\u00f3n de los trabajos de rehabilitaci\u00f3n de vialidad en la comunidad El Maluco, parroquia La Sierrita, espec\u00edficamente en la v\u00eda a Cachir\u00ed, donde se ejecutan labores orientadas a mejorar la transitabilidad y el sistema de drenaje.<br>\u200e<br>\u200eDurante el recorrido, estuvieron presentes l\u00edderes comunitarios, jefes de UBCH y de comunidad, as\u00ed como la dirigente social Marcela Arrieta, en un encuentro que reafirma el compromiso institucional de dar respuesta oportuna al clamor popular.<\/p>\n\n\n\n<figure class=\"wp-block-image size-full\"><img fetchpriority=\"high\" decoding=\"async\" width=\"562\" height=\"485\" src=\"https:\/\/entretormentas.com\/wp-content\/uploads\/2026\/05\/image-44.png\" alt=\"\" class=\"wp-image-32119\" srcset=\"https:\/\/entretormentas.com\/wp-content\/uploads\/2026\/05\/image-44.png 562w, https:\/\/entretormentas.com\/wp-content\/uploads\/2026\/05\/image-44-300x259.png 300w\" sizes=\"(max-width: 562px) 100vw, 562px\" \/><\/figure>\n\n\n\n<p><br>\u200eEl Alcalde de Mara expres\u00f3: \u201cNos encontramos en la v\u00eda a Cachir\u00ed, comunidad El Maluco, junto al poder popular, avanzando en la rehabilitaci\u00f3n vial iniciando con el alcantarillado para garantizar una soluci\u00f3n integral. Este proyecto beneficiar\u00e1 a las comunidades rurales e ind\u00edgenas de todo este eje. Invitamos a todos a sumarse a estos trabajos que realizamos con el respaldo de los gobiernos nacional, regional y municipal\u201d.<br>\u200e<br>\u200eLas labores que presentan un importante nivel de avance, contemplan en una primera fase la rehabilitaci\u00f3n del sistema de alcantarillado, paso fundamental para garantizar la durabilidad de la v\u00eda y prevenir afectaciones durante la temporada de lluvias. Posteriormente, se continuar\u00e1 con la adecuaci\u00f3n integral de la v\u00eda, como parte de un proyecto que se desarrolla progresivamente.<\/p>\n\n\n\n<figure class=\"wp-block-image size-full\"><img decoding=\"async\" width=\"562\" height=\"488\" src=\"https:\/\/entretormentas.com\/wp-content\/uploads\/2026\/05\/image-45.png\" alt=\"\" class=\"wp-image-32120\" srcset=\"https:\/\/entretormentas.com\/wp-content\/uploads\/2026\/05\/image-45.png 562w, https:\/\/entretormentas.com\/wp-content\/uploads\/2026\/05\/image-45-300x260.png 300w\" sizes=\"(max-width: 562px) 100vw, 562px\" \/><\/figure>\n\n\n\n<p><br>\u200e<br>\u200eMarcela Arrieta afirm\u00f3: \u201cDesde esta zona El Maluco, como jefa de UBCH, expresamos nuestro orgullo y agradecimiento por este gran trabajo de rehabilitaci\u00f3n del alcantarillado que ejecuta el Gobierno Bolivariano. Esta es una obra que beneficia a todo el eje de Cachir\u00ed, mejorando los drenajes, la circulaci\u00f3n vehicular y de esta manera la calidad de vida de nuestras comunidades. Gracias al presidente Nicol\u00e1s Maduro, a la mandataria (e) Delcy Rodr\u00edguez, al gobernador Luis Caldera y al Alcalde Edgar Labarca, hoy vemos resultados concretos y nos sentimos profundamente contentos\u00bb.<br>\u200e<br>\u200eEsta intervenci\u00f3n se enmarca en los planes de fortalecimiento de la vialidad rural impulsados en el municipio Mara, orientados a mejorar la conectividad de las comunidades agr\u00edcolas e ind\u00edgenas, facilitando el transporte de productos y el acceso a servicios b\u00e1sicos, que incide directamente en el desarrollo econ\u00f3mico y social de la regi\u00f3n.<br>\u200e<br>\u200eEstas acciones se ejecutan con el respaldo de los gobiernos nacional, regional y municipal, como parte de una pol\u00edtica integral orientada a dignificar las condiciones de vida del pueblo y fortalecer el desarrollo territorial.<br><strong><em>ET \/ Prensa Alcald\u00eda de Mara<\/em><\/strong><\/p>\n","protected":false},"excerpt":{"rendered":"<p>ENTRE TORMENTAS. \u200eEn atenci\u00f3n directa a las necesidades de las comunidades rurales, este s\u00e1bado 2&#8230;<\/p>\n","protected":false},"author":2,"featured_media":32118,"comment_status":"closed","ping_status":"open","sticky":false,"template":"","format":"standard","meta":{"footnotes":""},"categories":[57,1],"tags":[],"class_list":["post-32117","post","type-post","status-publish","format-standard","has-post-thumbnail","hentry","category-actualidad","category-regionales"],"_links":{"self":[{"href":"https:\/\/entretormentas.com\/index.php?rest_route=\/wp\/v2\/posts\/32117","targetHints":{"allow":["GET"]}}],"collection":[{"href":"https:\/\/entretormentas.com\/index.php?rest_route=\/wp\/v2\/posts"}],"about":[{"href":"https:\/\/entretormentas.com\/index.php?rest_route=\/wp\/v2\/types\/post"}],"author":[{"embeddable":true,"href":"https:\/\/entretormentas.com\/index.php?rest_route=\/wp\/v2\/users\/2"}],"replies":[{"embeddable":true,"href":"https:\/\/entretormentas.com\/index.php?rest_route=%2Fwp%2Fv2%2Fcomments&post=32117"}],"version-history":[{"count":1,"href":"https:\/\/entretormentas.com\/index.php?rest_route=\/wp\/v2\/posts\/32117\/revisions"}],"predecessor-version":[{"id":32121,"href":"https:\/\/entretormentas.com\/index.php?rest_route=\/wp\/v2\/posts\/32117\/revisions\/32121"}],"wp:featuredmedia":[{"embeddable":true,"href":"https:\/\/entretormentas.com\/index.php?rest_route=\/wp\/v2\/media\/32118"}],"wp:attachment":[{"href":"https:\/\/entretormentas.com\/index.php?rest_route=%2Fwp%2Fv2%2Fmedia&parent=32117"}],"wp:term":[{"taxonomy":"category","embeddable":true,"href":"https:\/\/entretormentas.com\/index.php?rest_route=%2Fwp%2Fv2%2Fcategories&post=32117"},{"taxonomy":"post_tag","embeddable":true,"href":"https:\/\/entretormentas.com\/index.php?rest_route=%2Fwp%2Fv2%2Ftags&post=32117"}],"curies":[{"name":"wp","href":"https:\/\/api.w.org\/{rel}","templated":true}]}}