{"id":32127,"date":"2026-05-03T06:21:33","date_gmt":"2026-05-03T10:21:33","guid":{"rendered":"https:\/\/entretormentas.com\/?p=32127"},"modified":"2026-05-03T06:21:34","modified_gmt":"2026-05-03T10:21:34","slug":"neguito-borjas-no-esperaba-estas-emociones-siento-que-el-corazon-se-me-sale-del-pecho","status":"publish","type":"post","link":"https:\/\/entretormentas.com\/neguito-borjas-no-esperaba-estas-emociones-siento-que-el-corazon-se-me-sale-del-pecho\/","title":{"rendered":"NEGUITO BORJAS: \u201cNo esperaba estas emociones, siento que el coraz\u00f3n se me sale del pecho\u201d"},"content":{"rendered":"\n<p><strong><em>El artista celebr\u00f3 50 a\u00f1os de trayectoria musical en el inicio del II Festival Infantil y Juvenil de la Gaita, destacando el apoyo de la Alcald\u00eda de Maracaibo al folclore regional<\/em><\/strong><\/p>\n\n\n\n<p><strong>ENTRE TORMENTAS. <\/strong>Conmovido y ante un Palacio de los Eventos a su m\u00e1xima capacidad, el cantautor zuliano Abd\u00e9nago \u201cNeguito\u201d Borjas describi\u00f3 como una \u201cplegaria generacional\u201d el inicio del II Festival Infantil y Juvenil de la Gaita, evento organizado por la Fundaci\u00f3n Nacional de la Gaita \u201cGaiteros de Coraz\u00f3n\u201d, con el apoyo del Instituto Municipal de la Gaita Ricardo Aguirre (Imgra), adscrito a la Alcald\u00eda de Maracaibo, y la Fundaci\u00f3n para la Academia de la Gaita Ricardo Aguirre del Estado Zulia (Fundagraez).<\/p>\n\n\n\n<p>El artista, quien celebra cinco d\u00e9cadas de vida art\u00edstica, asegur\u00f3 que ver a miles de ni\u00f1os y j\u00f3venes custodiando el folclore regional es la muestra m\u00e1s fiel de que la tradici\u00f3n zuliana se mantiene vigente. \u201cPara m\u00ed todo fue una sorpresa, nadie me dijo lo que iba a pasar. Desde que entr\u00e9 fueron emociones, latidos del coraz\u00f3n; siento que el coraz\u00f3n se me sale del pecho. Ver a tantos ni\u00f1os, instructores. Representantes, colegios, municipios, un momento donde nos abrazamos todos en favor de la gaita, es para decirle a Dios: gracias, porque estos 50 a\u00f1os no han sido en vano, hemos sembrado para poder ver esta cosecha\u201d, expres\u00f3 Borjas.<\/p>\n\n\n\n<figure class=\"wp-block-image size-large\"><img fetchpriority=\"high\" decoding=\"async\" width=\"1024\" height=\"683\" src=\"https:\/\/entretormentas.com\/wp-content\/uploads\/2026\/05\/image-50-1024x683.png\" alt=\"\" class=\"wp-image-32129\" srcset=\"https:\/\/entretormentas.com\/wp-content\/uploads\/2026\/05\/image-50-1024x683.png 1024w, https:\/\/entretormentas.com\/wp-content\/uploads\/2026\/05\/image-50-300x200.png 300w, https:\/\/entretormentas.com\/wp-content\/uploads\/2026\/05\/image-50-768x512.png 768w, https:\/\/entretormentas.com\/wp-content\/uploads\/2026\/05\/image-50.png 1280w\" sizes=\"(max-width: 1024px) 100vw, 1024px\" \/><\/figure>\n\n\n\n<p>\u00abTengo en mi coraz\u00f3n el compromiso de poderles dar lo mejor de m\u00ed siempre a todos estos ni\u00f1os y j\u00f3venes, son 50 a\u00f1os dej\u00e1ndole una huella, no solamente a los ni\u00f1os, es toda una plegaria generacional que ha venido sembr\u00e1ndose por muchos a\u00f1os y decirles a ellos: \u00a1gracias!, yo creo que ellos son ejemplo para m\u00ed, de verdad cada vez que los veo me siento m\u00e1s parte de ellos\u00bb, precis\u00f3.<\/p>\n\n\n\n<p>Asimismo, calific\u00f3 como extraordinaria el impulso que le est\u00e1 dando el alcalde Giancarlo Di Martino a la gaita. \u201cEl alcalde Giancarlo Di Martino lleg\u00f3 con muchas ganas de seguir sembrando lo que se ha hecho durante a\u00f1os. Necesitamos la participaci\u00f3n de todos los entes gubernamentales para que la gaita crezca en todo el pa\u00eds\u201d.<\/p>\n\n\n\n<figure class=\"wp-block-image size-large\"><img decoding=\"async\" width=\"1024\" height=\"726\" src=\"https:\/\/entretormentas.com\/wp-content\/uploads\/2026\/05\/image-51-1024x726.png\" alt=\"\" class=\"wp-image-32130\" srcset=\"https:\/\/entretormentas.com\/wp-content\/uploads\/2026\/05\/image-51-1024x726.png 1024w, https:\/\/entretormentas.com\/wp-content\/uploads\/2026\/05\/image-51-300x213.png 300w, https:\/\/entretormentas.com\/wp-content\/uploads\/2026\/05\/image-51-768x544.png 768w, https:\/\/entretormentas.com\/wp-content\/uploads\/2026\/05\/image-51.png 1280w\" sizes=\"(max-width: 1024px) 100vw, 1024px\" \/><\/figure>\n\n\n\n<p>Borjas manifest\u00f3 que el festival del a\u00f1o pasado fue todo un \u00e9xito, \u201cretomar nuevamente la Gaita del A\u00f1o, con la participaci\u00f3n de colegios, de municipios, no solamente de grupos profesionales sino de grupos de muchachos que nunca hab\u00edan grabado en su vida y fueron muestra de un profesionalismo que, me perdonan que peque de regionalista, pero solamente los zulianos tenemos esa propiedad y esa particularidad\u201d.<\/p>\n\n\n\n<p>Indic\u00f3 el artista gaitero que la edici\u00f3n de este a\u00f1o promete superar las expectativas al integrar a talentos noveles de diversos municipios. \u201cEste segundo festival superar\u00e1 al primero; hoy qued\u00f3 gente afuera porque ya no cab\u00eda m\u00e1s nadie. Entonces yo creo que esto es un \u00e9xito para nuestra cultura, para nuestro acervo, para nuestro estado Zulia\u201d, indic\u00f3 emocionado.<\/p>\n\n\n\n<figure class=\"wp-block-image size-large\"><img decoding=\"async\" width=\"1024\" height=\"683\" src=\"https:\/\/entretormentas.com\/wp-content\/uploads\/2026\/05\/image-52-1024x683.png\" alt=\"\" class=\"wp-image-32131\" srcset=\"https:\/\/entretormentas.com\/wp-content\/uploads\/2026\/05\/image-52-1024x683.png 1024w, https:\/\/entretormentas.com\/wp-content\/uploads\/2026\/05\/image-52-300x200.png 300w, https:\/\/entretormentas.com\/wp-content\/uploads\/2026\/05\/image-52-768x512.png 768w, https:\/\/entretormentas.com\/wp-content\/uploads\/2026\/05\/image-52.png 1280w\" sizes=\"(max-width: 1024px) 100vw, 1024px\" \/><\/figure>\n\n\n\n<p>Durante el encuentro, el homenajeado destac\u00f3 la expansi\u00f3n del g\u00e9nero en las comunidades. \u201cEn todo tiempo no dejan de estar abriendo escuelas de gaitas, siempre hay un municipio, un barrio, un colegio, que quiere gaita y la Fundaci\u00f3n Nacional de la Gaita Gaiteros de Coraz\u00f3n ha llenado de kits de gaiteros a muchos sectores, estamos sembrando, no nos va a ganar el reguet\u00f3n nunca en la vida\u201d, reafirm\u00f3.<\/p>\n\n\n\n<p>El cantautor concluy\u00f3 con un mensaje contundente sobre la m\u00fasica zuliana, \u201cLa gaita no ha muerto ni morir\u00e1; los que dicen que muri\u00f3, dejaron de ser zulianos ya\u201d.<br><strong><em>ET \/ Prensa Alcald\u00eda de Maracaibo<\/em><\/strong><\/p>\n\n\n\n<p><\/p>\n","protected":false},"excerpt":{"rendered":"<p>El artista celebr\u00f3 50 a\u00f1os de trayectoria musical en el inicio del II Festival Infantil&#8230;<\/p>\n","protected":false},"author":2,"featured_media":32128,"comment_status":"closed","ping_status":"open","sticky":false,"template":"","format":"standard","meta":{"footnotes":""},"categories":[54],"tags":[],"class_list":["post-32127","post","type-post","status-publish","format-standard","has-post-thumbnail","hentry","category-espectaculos"],"_links":{"self":[{"href":"https:\/\/entretormentas.com\/index.php?rest_route=\/wp\/v2\/posts\/32127","targetHints":{"allow":["GET"]}}],"collection":[{"href":"https:\/\/entretormentas.com\/index.php?rest_route=\/wp\/v2\/posts"}],"about":[{"href":"https:\/\/entretormentas.com\/index.php?rest_route=\/wp\/v2\/types\/post"}],"author":[{"embeddable":true,"href":"https:\/\/entretormentas.com\/index.php?rest_route=\/wp\/v2\/users\/2"}],"replies":[{"embeddable":true,"href":"https:\/\/entretormentas.com\/index.php?rest_route=%2Fwp%2Fv2%2Fcomments&post=32127"}],"version-history":[{"count":1,"href":"https:\/\/entretormentas.com\/index.php?rest_route=\/wp\/v2\/posts\/32127\/revisions"}],"predecessor-version":[{"id":32132,"href":"https:\/\/entretormentas.com\/index.php?rest_route=\/wp\/v2\/posts\/32127\/revisions\/32132"}],"wp:featuredmedia":[{"embeddable":true,"href":"https:\/\/entretormentas.com\/index.php?rest_route=\/wp\/v2\/media\/32128"}],"wp:attachment":[{"href":"https:\/\/entretormentas.com\/index.php?rest_route=%2Fwp%2Fv2%2Fmedia&parent=32127"}],"wp:term":[{"taxonomy":"category","embeddable":true,"href":"https:\/\/entretormentas.com\/index.php?rest_route=%2Fwp%2Fv2%2Fcategories&post=32127"},{"taxonomy":"post_tag","embeddable":true,"href":"https:\/\/entretormentas.com\/index.php?rest_route=%2Fwp%2Fv2%2Ftags&post=32127"}],"curies":[{"name":"wp","href":"https:\/\/api.w.org\/{rel}","templated":true}]}}