{"id":32144,"date":"2026-05-03T06:31:15","date_gmt":"2026-05-03T10:31:15","guid":{"rendered":"https:\/\/entretormentas.com\/?p=32144"},"modified":"2026-05-03T06:31:15","modified_gmt":"2026-05-03T10:31:15","slug":"querella-venezuela-acudira-a-la-cij-ante-la-disputa-con-guyana-sin-reconocer-la-decision-del-organismo","status":"publish","type":"post","link":"https:\/\/entretormentas.com\/querella-venezuela-acudira-a-la-cij-ante-la-disputa-con-guyana-sin-reconocer-la-decision-del-organismo\/","title":{"rendered":"\u00a1QUERELLA! Venezuela acudir\u00e1 a la CIJ ante la disputa con Guyana sin reconocer la decisi\u00f3n del organismo"},"content":{"rendered":"\n<p><strong>ENTRE TORMENTAS.<\/strong> Venezuela inform\u00f3 este s\u00e1bado que participar\u00e1 en las audiencias de la Corte Internacional de Justicia (CIJ), el pr\u00f3ximo 4 de mayo, sobre la disputa territorial con Guyana por la regi\u00f3n del Esequibo, pero subray\u00f3 que solo ser\u00e1 para \u201cmostrar ante el mundo la verdad\u201d y ratific\u00f3 que no reconocer\u00e1 la jurisdicci\u00f3n de este organismo ni sus decisiones.<\/p>\n\n\n\n<p>\u201cVenezuela acude a estas audiencias s\u00f3lo para mostrar ante el mundo la verdad sobre los derechos que desde su nacimiento le corresponden sobre el territorio de la Guayana Esequiba\u201d, afirm\u00f3 el Gobierno en un comunicado publicado en Telegram por el canciller, Yv\u00e1n Gil.<\/p>\n\n\n\n<p>El Gobierno encargado de Delcy Rodr\u00edguez reiter\u00f3 que su asistencia a estas audiencias \u201cno implica, en modo alguno, su consentimiento ni el reconocimiento a dicha jurisdicci\u00f3n\u201d y cuestion\u00f3 el proceso al afirmar que fue \u00abincoado unilateralmente\u00bb por Guyana, que administra el Esequibo y tambi\u00e9n lo considera suyo.<\/p>\n\n\n\n<p><strong>Acuerdo de Ginebra de 1966<\/strong><br>Asimismo, indic\u00f3 que la \u201c\u00fanica soluci\u00f3n posible\u201d para la controversia territorial se encuentra en el Acuerdo de Ginebra de 1966, el instrumento jur\u00eddico que Venezuela considera v\u00e1lido para alcanzar una soluci\u00f3n mutuamente aceptable.<\/p>\n\n\n\n<p>\u201cEste tratado internacional es el marco normativo que debe ser cumplido de buena fe, con el objeto de poner fin a la controversia territorial mediante un arreglo pr\u00e1ctico, aceptable y satisfactorio para ambas partes\u201d, se\u00f1al\u00f3 el Gobierno, al tiempo que a\u00f1adi\u00f3 que \u201cjam\u00e1s\u201d renunciar\u00e1 al territorio que, a su juicio, le pertenece.<\/p>\n\n\n\n<p>Las diferencias por los l\u00edmites fronterizos en torno al Esequibo, un territorio de unos 160 mil kil\u00f3metros cuadrados -rico en minerales y yacimientos-, comenzaron con el Laudo Arbitral de Par\u00eds de 1899 que dio la soberan\u00eda del territorio a la entonces Guyana Brit\u00e1nica.<\/p>\n\n\n\n<p>D\u00e9cadas despu\u00e9s, Venezuela declar\u00f3 nulo este fallo y firm\u00f3 con Reino Unido el Acuerdo de Ginebra.<\/p>\n\n\n\n<p>Guyana present\u00f3 el caso ante la CIJ en 2018, buscando la confirmaci\u00f3n de la validez legal del Laudo Arbitral de 1899, que establece la frontera entre ambos pa\u00edses y que fue declarado nulo por Venezuela en 1962.<\/p>\n\n\n\n<p>Si bien Guyana sostiene que el proceso judicial es la \u00fanica v\u00eda leg\u00edtima para resolver la controversia, Venezuela ha cuestionado hist\u00f3ricamente la autoridad del tribunal.<br><strong><em>ET \/ EFE<\/em><\/strong><\/p>\n\n\n\n<p><\/p>\n","protected":false},"excerpt":{"rendered":"<p>ENTRE TORMENTAS. Venezuela inform\u00f3 este s\u00e1bado que participar\u00e1 en las audiencias de la Corte Internacional&#8230;<\/p>\n","protected":false},"author":2,"featured_media":32145,"comment_status":"closed","ping_status":"open","sticky":false,"template":"","format":"standard","meta":{"footnotes":""},"categories":[56,49],"tags":[],"class_list":["post-32144","post","type-post","status-publish","format-standard","has-post-thumbnail","hentry","category-destacadas","category-nacionales"],"_links":{"self":[{"href":"https:\/\/entretormentas.com\/index.php?rest_route=\/wp\/v2\/posts\/32144","targetHints":{"allow":["GET"]}}],"collection":[{"href":"https:\/\/entretormentas.com\/index.php?rest_route=\/wp\/v2\/posts"}],"about":[{"href":"https:\/\/entretormentas.com\/index.php?rest_route=\/wp\/v2\/types\/post"}],"author":[{"embeddable":true,"href":"https:\/\/entretormentas.com\/index.php?rest_route=\/wp\/v2\/users\/2"}],"replies":[{"embeddable":true,"href":"https:\/\/entretormentas.com\/index.php?rest_route=%2Fwp%2Fv2%2Fcomments&post=32144"}],"version-history":[{"count":1,"href":"https:\/\/entretormentas.com\/index.php?rest_route=\/wp\/v2\/posts\/32144\/revisions"}],"predecessor-version":[{"id":32146,"href":"https:\/\/entretormentas.com\/index.php?rest_route=\/wp\/v2\/posts\/32144\/revisions\/32146"}],"wp:featuredmedia":[{"embeddable":true,"href":"https:\/\/entretormentas.com\/index.php?rest_route=\/wp\/v2\/media\/32145"}],"wp:attachment":[{"href":"https:\/\/entretormentas.com\/index.php?rest_route=%2Fwp%2Fv2%2Fmedia&parent=32144"}],"wp:term":[{"taxonomy":"category","embeddable":true,"href":"https:\/\/entretormentas.com\/index.php?rest_route=%2Fwp%2Fv2%2Fcategories&post=32144"},{"taxonomy":"post_tag","embeddable":true,"href":"https:\/\/entretormentas.com\/index.php?rest_route=%2Fwp%2Fv2%2Ftags&post=32144"}],"curies":[{"name":"wp","href":"https:\/\/api.w.org\/{rel}","templated":true}]}}