{"id":32152,"date":"2026-05-03T06:37:17","date_gmt":"2026-05-03T10:37:17","guid":{"rendered":"https:\/\/entretormentas.com\/?p=32152"},"modified":"2026-05-03T06:37:18","modified_gmt":"2026-05-03T10:37:18","slug":"este-domingo-maria-corina-machado-convoca-movilizacion-global-en-apoyo-a-los-presos-politicos","status":"publish","type":"post","link":"https:\/\/entretormentas.com\/este-domingo-maria-corina-machado-convoca-movilizacion-global-en-apoyo-a-los-presos-politicos\/","title":{"rendered":"\u00a1ESTE DOMINGO! Mar\u00eda Corina Machado convoca movilizaci\u00f3n global en apoyo a los presos pol\u00edticos"},"content":{"rendered":"\n<p><strong>ENTRE TORMENTAS.<\/strong> La l\u00edder opositora venezolana y Premio Nobel de la Paz 2025, Mar\u00eda Corina Machado, lanz\u00f3 una convocatoria global para este domingo 3 de mayo, con el objetivo de exigir la libertad de los 454 presos pol\u00edticos contabilizados en el pa\u00eds. La jornada de protesta se llevar\u00e1 a cabo de manera simult\u00e1nea en m\u00e1s de 120 ciudades alrededor del mundo.<\/p>\n\n\n\n<p>A trav\u00e9s de un v\u00eddeo difundido en sus plataformas digitales, Machado \u2014quien se encuentra en el exterior desde diciembre tras recibir el galard\u00f3n en Noruega\u2014 enfatiz\u00f3 la urgencia de acompa\u00f1ar a quienes permanecen bajo custodia del Estado y a sus familiares.<\/p>\n\n\n\n<p>\u201cEllos y sus familias necesitan de nuestra voz, necesitan de nuestra fuerza y por eso alzaremos nuestra voz este domingo, para que el mundo entero escuche el clamor por la libertad, la justicia y la democracia que hoy elevamos desde Venezuela\u201d, subray\u00f3 la dirigente.<\/p>\n\n\n\n<figure class=\"wp-block-image size-large\"><img fetchpriority=\"high\" decoding=\"async\" width=\"1024\" height=\"761\" src=\"https:\/\/entretormentas.com\/wp-content\/uploads\/2026\/05\/image-65-1024x761.png\" alt=\"\" class=\"wp-image-32154\" srcset=\"https:\/\/entretormentas.com\/wp-content\/uploads\/2026\/05\/image-65-1024x761.png 1024w, https:\/\/entretormentas.com\/wp-content\/uploads\/2026\/05\/image-65-300x223.png 300w, https:\/\/entretormentas.com\/wp-content\/uploads\/2026\/05\/image-65-768x571.png 768w, https:\/\/entretormentas.com\/wp-content\/uploads\/2026\/05\/image-65.png 1280w\" sizes=\"(max-width: 1024px) 100vw, 1024px\" \/><\/figure>\n\n\n\n<p><strong>EL DE LA PROTESTA<\/strong><br>El Comando Con Venezuela, equipo organizador de la l\u00edder opositora, ha confirmado m\u00e1s de 20 puntos de concentraci\u00f3n dentro del territorio nacional. En la capital, Caracas, la movilizaci\u00f3n tiene un destino altamente simb\u00f3lico: la sede del Servicio Bolivariano de Inteligencia Nacional (Sebin), conocida como El Helicoide, centro donde permanecen recluidos numerosos detenidos por motivos pol\u00edticos.<\/p>\n\n\n\n<p>A nivel internacional, la di\u00e1spora venezolana y sectores aliados han organizado eventos en:<\/p>\n\n\n\n<ul class=\"wp-block-list\">\n<li>Espa\u00f1a: 12 convocatorias en ciudades como Madrid, Barcelona, Valencia y Tenerife.<\/li>\n\n\n\n<li>Europa: Concentraciones en Italia, Portugal, B\u00e9lgica, Pa\u00edses Bajos y Francia.<\/li>\n\n\n\n<li>Am\u00e9ricas: Movilizaciones en Estados Unidos, Canad\u00e1, Brasil, Argentina, Chile, Colombia, Per\u00fa, entre otros.<\/li>\n<\/ul>\n\n\n\n<p>La convocatoria se produce en un momento de fuerte escrutinio internacional. Seg\u00fan datos de la ONG Foro Penal, la cifra de presos pol\u00edticos asciende a 454, incluyendo a 41 ciudadanos extranjeros o con doble nacionalidad.<\/p>\n\n\n\n<p>A pesar de que el Gobierno de Venezuela sostiene que no existen \u201cpol\u00edticos presos\u201d sino personas procesadas por delitos comunes, diversas organizaciones no gubernamentales y partidos de oposici\u00f3n denuncian que las detenciones forman parte de un patr\u00f3n de persecuci\u00f3n pol\u00edtica.<\/p>\n\n\n\n<p>Para Machado, quien pas\u00f3 un a\u00f1o en la clandestinidad antes de salir del pa\u00eds para evitar su arresto, esta movilizaci\u00f3n del 3 de mayo representa un paso crucial para mantener la presi\u00f3n sobre la administraci\u00f3n actual y visibilizar la situaci\u00f3n de vulnerabilidad que enfrentan los detenidos y sus defensores.<br><strong><em>ET \/ Agencias<\/em><\/strong><\/p>\n\n\n\n<p><\/p>\n","protected":false},"excerpt":{"rendered":"<p>ENTRE TORMENTAS. La l\u00edder opositora venezolana y Premio Nobel de la Paz 2025, Mar\u00eda Corina&#8230;<\/p>\n","protected":false},"author":2,"featured_media":32153,"comment_status":"closed","ping_status":"open","sticky":false,"template":"","format":"standard","meta":{"footnotes":""},"categories":[56,48],"tags":[],"class_list":["post-32152","post","type-post","status-publish","format-standard","has-post-thumbnail","hentry","category-destacadas","category-internacionales"],"_links":{"self":[{"href":"https:\/\/entretormentas.com\/index.php?rest_route=\/wp\/v2\/posts\/32152","targetHints":{"allow":["GET"]}}],"collection":[{"href":"https:\/\/entretormentas.com\/index.php?rest_route=\/wp\/v2\/posts"}],"about":[{"href":"https:\/\/entretormentas.com\/index.php?rest_route=\/wp\/v2\/types\/post"}],"author":[{"embeddable":true,"href":"https:\/\/entretormentas.com\/index.php?rest_route=\/wp\/v2\/users\/2"}],"replies":[{"embeddable":true,"href":"https:\/\/entretormentas.com\/index.php?rest_route=%2Fwp%2Fv2%2Fcomments&post=32152"}],"version-history":[{"count":1,"href":"https:\/\/entretormentas.com\/index.php?rest_route=\/wp\/v2\/posts\/32152\/revisions"}],"predecessor-version":[{"id":32155,"href":"https:\/\/entretormentas.com\/index.php?rest_route=\/wp\/v2\/posts\/32152\/revisions\/32155"}],"wp:featuredmedia":[{"embeddable":true,"href":"https:\/\/entretormentas.com\/index.php?rest_route=\/wp\/v2\/media\/32153"}],"wp:attachment":[{"href":"https:\/\/entretormentas.com\/index.php?rest_route=%2Fwp%2Fv2%2Fmedia&parent=32152"}],"wp:term":[{"taxonomy":"category","embeddable":true,"href":"https:\/\/entretormentas.com\/index.php?rest_route=%2Fwp%2Fv2%2Fcategories&post=32152"},{"taxonomy":"post_tag","embeddable":true,"href":"https:\/\/entretormentas.com\/index.php?rest_route=%2Fwp%2Fv2%2Ftags&post=32152"}],"curies":[{"name":"wp","href":"https:\/\/api.w.org\/{rel}","templated":true}]}}