{"id":3286,"date":"2024-06-06T10:13:18","date_gmt":"2024-06-06T08:13:18","guid":{"rendered":"https:\/\/entretormentas.com\/?p=3286"},"modified":"2024-06-06T10:13:19","modified_gmt":"2024-06-06T08:13:19","slug":"alcaldia-de-san-francisco-recolectan-400-toneladas-de-desechos-solidos-en-mega-operativo-de-limpieza","status":"publish","type":"post","link":"https:\/\/entretormentas.com\/alcaldia-de-san-francisco-recolectan-400-toneladas-de-desechos-solidos-en-mega-operativo-de-limpieza\/","title":{"rendered":"\u00a1ALCALD\u00cdA DE SAN FRANCISCO\u00a1 Recolectan 400 toneladas de desechos s\u00f3lidos en mega operativo de limpieza"},"content":{"rendered":"\n<p><strong>ENTRE TORMENTAS. <\/strong>El Instituto P\u00fablico Municipal de Ambiente y Aseo Urbano (Imasur), adscrito a la Alcald\u00eda de San Francisco, realiza de manera constante operativos de limpieza en las principales arterias viales del municipio, en esta oportunidad se recolectaron 400 toneladas de desechos s\u00f3lidos en las parroquias Marcial Hern\u00e1ndez y San Francisco.<\/p>\n\n\n\n<p>\u201cCon alrededor de 18 maquinarias en la calle: entre estacas, volteos y volquetas, tambi\u00e9n compactadores tenemos una recolecci\u00f3n del d\u00eda de hoy de 400 toneladas\u201d, explic\u00f3 Javier Solano, director de Aseo Urbano y Domiciliario del Imasur.<\/p>\n\n\n\n<p>Destacando que en la calle conocida como \u201cCastillete\u201d se recolectaron 110 toneladas y en el corredor vial Betulio Gonz\u00e1lez, con avenida 6, 60 toneladas. Sitios que son utilizados como vertederos por personas inconscientes.<\/p>\n\n\n\n<p>Bajo la gesti\u00f3n del alcalde Gustavo Fern\u00e1ndez, se mantienen los esfuerzos en materia de limpieza y desechos s\u00f3lidos contando con maquinaria pesada que presta su apoyo para facilitar la recolecci\u00f3n de basura de manera m\u00e1s eficiente.<\/p>\n\n\n\n<figure class=\"wp-block-image size-large\"><img fetchpriority=\"high\" decoding=\"async\" width=\"1024\" height=\"682\" src=\"https:\/\/entretormentas.com\/wp-content\/uploads\/2024\/06\/megalimpieza2-1024x682.jpg\" alt=\"\" class=\"wp-image-3287\" srcset=\"https:\/\/entretormentas.com\/wp-content\/uploads\/2024\/06\/megalimpieza2-1024x682.jpg 1024w, https:\/\/entretormentas.com\/wp-content\/uploads\/2024\/06\/megalimpieza2-300x200.jpg 300w, https:\/\/entretormentas.com\/wp-content\/uploads\/2024\/06\/megalimpieza2-768x512.jpg 768w, https:\/\/entretormentas.com\/wp-content\/uploads\/2024\/06\/megalimpieza2.jpg 1280w\" sizes=\"(max-width: 1024px) 100vw, 1024px\" \/><\/figure>\n\n\n\n<p>Adalberto La Cruz, habitante de la parroquia Marcial Hern\u00e1ndez, realiz\u00f3 un llamado de atenci\u00f3n a los vecinos de la comunidad: \u201cAgradecemos a los mismos vecinos de nuestro barrio que tengan un poquito de consciencia, que no arrojen tanta basura\u201d<\/p>\n\n\n\n<p>Los habitantes de los diferentes sectores del municipio San Francisco se muestran agradecidos con la labor que realiza la Alcald\u00eda de San Francisco e invitan a los vecinos a ser m\u00e1s conscientes con respecto a los desechos que depositan en las calles del municipio.<\/p>\n\n\n\n<p>\u201cLos inconscientes somos nosotros, los mismos usuarios, porque tenemos que mantener esto limpio no solamente el Gobierno. A nosotros como seres humanos esto nos perjudica tambi\u00e9n\u201d, expres\u00f3 Almaira Montero, habitante de la zona.<br><strong><em>GS \/ Alcald\u00eda de San Francisco<\/em><\/strong><\/p>\n","protected":false},"excerpt":{"rendered":"<p>ENTRE TORMENTAS. El Instituto P\u00fablico Municipal de Ambiente y Aseo Urbano (Imasur), adscrito a la&#8230;<\/p>\n","protected":false},"author":2,"featured_media":3288,"comment_status":"closed","ping_status":"open","sticky":false,"template":"","format":"standard","meta":{"footnotes":""},"categories":[57,1],"tags":[],"class_list":["post-3286","post","type-post","status-publish","format-standard","has-post-thumbnail","hentry","category-actualidad","category-regionales"],"_links":{"self":[{"href":"https:\/\/entretormentas.com\/index.php?rest_route=\/wp\/v2\/posts\/3286","targetHints":{"allow":["GET"]}}],"collection":[{"href":"https:\/\/entretormentas.com\/index.php?rest_route=\/wp\/v2\/posts"}],"about":[{"href":"https:\/\/entretormentas.com\/index.php?rest_route=\/wp\/v2\/types\/post"}],"author":[{"embeddable":true,"href":"https:\/\/entretormentas.com\/index.php?rest_route=\/wp\/v2\/users\/2"}],"replies":[{"embeddable":true,"href":"https:\/\/entretormentas.com\/index.php?rest_route=%2Fwp%2Fv2%2Fcomments&post=3286"}],"version-history":[{"count":1,"href":"https:\/\/entretormentas.com\/index.php?rest_route=\/wp\/v2\/posts\/3286\/revisions"}],"predecessor-version":[{"id":3289,"href":"https:\/\/entretormentas.com\/index.php?rest_route=\/wp\/v2\/posts\/3286\/revisions\/3289"}],"wp:featuredmedia":[{"embeddable":true,"href":"https:\/\/entretormentas.com\/index.php?rest_route=\/wp\/v2\/media\/3288"}],"wp:attachment":[{"href":"https:\/\/entretormentas.com\/index.php?rest_route=%2Fwp%2Fv2%2Fmedia&parent=3286"}],"wp:term":[{"taxonomy":"category","embeddable":true,"href":"https:\/\/entretormentas.com\/index.php?rest_route=%2Fwp%2Fv2%2Fcategories&post=3286"},{"taxonomy":"post_tag","embeddable":true,"href":"https:\/\/entretormentas.com\/index.php?rest_route=%2Fwp%2Fv2%2Ftags&post=3286"}],"curies":[{"name":"wp","href":"https:\/\/api.w.org\/{rel}","templated":true}]}}