{"id":3343,"date":"2024-06-07T10:18:47","date_gmt":"2024-06-07T08:18:47","guid":{"rendered":"https:\/\/entretormentas.com\/?p=3343"},"modified":"2024-06-07T10:18:48","modified_gmt":"2024-06-07T08:18:48","slug":"en-lo-que-va-de-2024-alcaldia-limpia-mas-de-19-kilometros-lineales-de-cauces-de-canadas-marabinas","status":"publish","type":"post","link":"https:\/\/entretormentas.com\/en-lo-que-va-de-2024-alcaldia-limpia-mas-de-19-kilometros-lineales-de-cauces-de-canadas-marabinas\/","title":{"rendered":"\u00a1EN LO QUE VA DE 2024! Alcald\u00eda limpia m\u00e1s de 19 kil\u00f3metros lineales de cauces de ca\u00f1adas marabinas"},"content":{"rendered":"\n<p><strong>ENTRE TORMENTAS. <\/strong>El plan de limpieza de ca\u00f1adas de Maracaibo por parte de la Alcald\u00eda, a trav\u00e9s del Instituto Municipal del Ambiente (IMA), se mantiene en este 2024 y el esfuerzo se evidencia cuando en temporada de lluvias no se reportan inundaciones por el desborde de cauces.<\/p>\n\n\n\n<p>Con la intenci\u00f3n principal de prevenci\u00f3n, el IMA implement\u00f3 por tercer a\u00f1o consecutivo el Plan de Limpieza de Ca\u00f1adas que en los primeros cinco meses del a\u00f1o \u00fd como resultado 19,5 kil\u00f3metros lineales de cauces saneados y la retirada de 10 mil 455 toneladas de desechos.<\/p>\n\n\n\n<p>Del total de los kil\u00f3metros saneados, 16,95 kil\u00f3metros lineales fueron atendidos con maquinarias, mientras que 2,55 kil\u00f3metros recibieron atenci\u00f3n manual, lo que demuestra la capacidad de respuesta y la adaptabilidad de los equipos de trabajo frente a los diferentes desaf\u00edos que presentan las ca\u00f1adas.<\/p>\n\n\n\n<p>Entre los focos cr\u00edticos atendidos est\u00e1n las ca\u00f1adas Morillo y La F\u00e9nix, ambas recibieron una atenci\u00f3n especial. En el tramo Socorro de la Morillo se limpiaron 850 metros con maquinarias y se retiraron dos mil 100 toneladas de desechos. En el tramo Cotopery-Libertador de La F\u00e9nix se limpiaron 1.4 kil\u00f3metros de cauce y se extrajeron 175 toneladas de basura. Otras de las atenciones especiales las recibieron los ca\u00f1os de Santa Rosa, espec\u00edficamente el ca\u00f1o Ayacucho, de la ca\u00f1ada Caribe.<\/p>\n\n\n\n<p>Ante este trabajo realizado, Jos\u00e9 \u00c1ngel P\u00e9rez, presidente del IMA, asegur\u00f3 que Maracaibo se est\u00e1 posicionando como \u201cun ejemplo de gesti\u00f3n ambiental proactiva. Este abordaje es un paso adelante hacia un futuro m\u00e1s verde y sostenible para la ciudad\u201d, se\u00f1al\u00f3.<\/p>\n\n\n\n<figure class=\"wp-block-image size-large\"><img fetchpriority=\"high\" decoding=\"async\" width=\"1024\" height=\"576\" src=\"https:\/\/entretormentas.com\/wp-content\/uploads\/2024\/06\/canadasmcbo2-1024x576.jpg\" alt=\"\" class=\"wp-image-3344\" srcset=\"https:\/\/entretormentas.com\/wp-content\/uploads\/2024\/06\/canadasmcbo2-1024x576.jpg 1024w, https:\/\/entretormentas.com\/wp-content\/uploads\/2024\/06\/canadasmcbo2-300x169.jpg 300w, https:\/\/entretormentas.com\/wp-content\/uploads\/2024\/06\/canadasmcbo2-768x432.jpg 768w, https:\/\/entretormentas.com\/wp-content\/uploads\/2024\/06\/canadasmcbo2.jpg 1080w\" sizes=\"(max-width: 1024px) 100vw, 1024px\" \/><\/figure>\n\n\n\n<p>Destac\u00f3 que, con cada ca\u00f1ada limpia, Maracaibo no s\u00f3lo mejora su paisaje urbano, sino que tambi\u00e9n \u201crefuerza su compromiso con el bienestar de sus ciudadanos y el respeto por el ambiente\u201d.<\/p>\n\n\n\n<p>\u201cNuestro enfoque es prevenir y asegurar que Maracaibo est\u00e9 preparada para enfrentar las lluvias sin accidentes. Est\u00e1 filosof\u00eda de gesti\u00f3n llev\u00f3 a que las temporadas de lluvias de 2022, 2023 y lo que va de este 2024 pasar\u00e1n sin incidentes significativos, un testimonio del \u00e9xito de las pol\u00edticas implementadas por la Alcald\u00eda de Maracaibo\u201d, recalc\u00f3 P\u00e9rez.<\/p>\n\n\n\n<p>Francis Mercado, habitante del conjunto residencial Gallo Verde, de la parroquia Cecilio Acosta, record\u00f3 que esta zona en a\u00f1os anteriores cada vez que llov\u00eda se inundaba, \u201cpero gracias a la limpieza constante de este tramo de la ca\u00f1ada Morillo, ahora pueden dormir tranquilos, pues sabemos que el agua no va a hacer estragos. Ahora s\u00f3lo falta que tomemos conciencia y no botemos la basura en las ca\u00f1adas\u201d.<\/p>\n\n\n\n<p>Por su parte, Edgardo Ferrer, habitante del barrio Libertador de la parroquia Antonio Borjas Romero, destac\u00f3 que se siente atendido por parte de la gesti\u00f3n de Rafael Ram\u00edrez Colina. \u201cEst\u00e1is dando soluciones donde antes nadie ven\u00eda a atendernos, s\u00f3lo los que vivimos aqu\u00ed sabemos lo que padecemos con estas ca\u00f1adas\u201d.<br><strong><em>GS \/ DCI Alcald\u00eda de Maracaibo<\/em><\/strong><\/p>\n","protected":false},"excerpt":{"rendered":"<p>ENTRE TORMENTAS. El plan de limpieza de ca\u00f1adas de Maracaibo por parte de la Alcald\u00eda,&#8230;<\/p>\n","protected":false},"author":2,"featured_media":3345,"comment_status":"closed","ping_status":"open","sticky":false,"template":"","format":"standard","meta":{"footnotes":""},"categories":[57,1],"tags":[],"class_list":["post-3343","post","type-post","status-publish","format-standard","has-post-thumbnail","hentry","category-actualidad","category-regionales"],"_links":{"self":[{"href":"https:\/\/entretormentas.com\/index.php?rest_route=\/wp\/v2\/posts\/3343","targetHints":{"allow":["GET"]}}],"collection":[{"href":"https:\/\/entretormentas.com\/index.php?rest_route=\/wp\/v2\/posts"}],"about":[{"href":"https:\/\/entretormentas.com\/index.php?rest_route=\/wp\/v2\/types\/post"}],"author":[{"embeddable":true,"href":"https:\/\/entretormentas.com\/index.php?rest_route=\/wp\/v2\/users\/2"}],"replies":[{"embeddable":true,"href":"https:\/\/entretormentas.com\/index.php?rest_route=%2Fwp%2Fv2%2Fcomments&post=3343"}],"version-history":[{"count":1,"href":"https:\/\/entretormentas.com\/index.php?rest_route=\/wp\/v2\/posts\/3343\/revisions"}],"predecessor-version":[{"id":3346,"href":"https:\/\/entretormentas.com\/index.php?rest_route=\/wp\/v2\/posts\/3343\/revisions\/3346"}],"wp:featuredmedia":[{"embeddable":true,"href":"https:\/\/entretormentas.com\/index.php?rest_route=\/wp\/v2\/media\/3345"}],"wp:attachment":[{"href":"https:\/\/entretormentas.com\/index.php?rest_route=%2Fwp%2Fv2%2Fmedia&parent=3343"}],"wp:term":[{"taxonomy":"category","embeddable":true,"href":"https:\/\/entretormentas.com\/index.php?rest_route=%2Fwp%2Fv2%2Fcategories&post=3343"},{"taxonomy":"post_tag","embeddable":true,"href":"https:\/\/entretormentas.com\/index.php?rest_route=%2Fwp%2Fv2%2Ftags&post=3343"}],"curies":[{"name":"wp","href":"https:\/\/api.w.org\/{rel}","templated":true}]}}