{"id":3359,"date":"2024-06-07T10:34:07","date_gmt":"2024-06-07T08:34:07","guid":{"rendered":"https:\/\/entretormentas.com\/?p=3359"},"modified":"2024-06-07T10:34:08","modified_gmt":"2024-06-07T08:34:08","slug":"en-sesion-especial-parlamento-zuliano-condecora-a-trabajadores-de-la-radio-en-su-dia","status":"publish","type":"post","link":"https:\/\/entretormentas.com\/en-sesion-especial-parlamento-zuliano-condecora-a-trabajadores-de-la-radio-en-su-dia\/","title":{"rendered":"\u00a1EN SESI\u00d3N ESPECIAL! Parlamento zuliano condecora a trabajadores de la radio en su d\u00eda"},"content":{"rendered":"\n<p><strong>ENTRE TORMENTAS.<\/strong> El Consejo Legislativo del estado Zulia (Clezulia), realiz\u00f3 una sesi\u00f3n especial este jueves 6 de junio, con motivo de celebrar el D\u00eda de la Radiodifusi\u00f3n Venezolana, rindiendo homenaje a la invaluable labor y aporte a la sociedad a lo largo de la historia por parte de los medios de comunicaci\u00f3n radiales.<\/p>\n\n\n\n<p>La presidenta del \u00f3rgano legislativo, Iraida Josefina Villasmil, destac\u00f3 el papel fundamental que ha desempe\u00f1ado la radio y sus trabajadores en la vida cotidiana de los ciudadanos de este pa\u00eds.<\/p>\n\n\n\n<figure class=\"wp-block-image size-large\"><img fetchpriority=\"high\" decoding=\"async\" width=\"1024\" height=\"768\" src=\"https:\/\/entretormentas.com\/wp-content\/uploads\/2024\/06\/radioclez2-1024x768.jpg\" alt=\"\" class=\"wp-image-3360\" srcset=\"https:\/\/entretormentas.com\/wp-content\/uploads\/2024\/06\/radioclez2-1024x768.jpg 1024w, https:\/\/entretormentas.com\/wp-content\/uploads\/2024\/06\/radioclez2-300x225.jpg 300w, https:\/\/entretormentas.com\/wp-content\/uploads\/2024\/06\/radioclez2-768x576.jpg 768w, https:\/\/entretormentas.com\/wp-content\/uploads\/2024\/06\/radioclez2.jpg 1280w\" sizes=\"(max-width: 1024px) 100vw, 1024px\" \/><\/figure>\n\n\n\n<p>\u00abLa radio nos ha regalado much\u00edsima cultura, por eso hoy celebramos el legado de aquellos pioneros que hicieron posible su nacimiento. Ellos con su visi\u00f3n y perseverancia formaron las bases para que hoy en d\u00eda podamos disfrutar de una amplia variedad de programas y contenido radiof\u00f3nico\u00bb, expres\u00f3 Villasmil.<\/p>\n\n\n\n<p>Por su parte, la oradora de orden, Elizabeth Miquilena, recibi\u00f3 el Bot\u00f3n Honor al M\u00e9rito Ciudadano por su destacada labor en la difusi\u00f3n de contenidos de calidad a trav\u00e9s de sus programas de radio, logrando conectar de manera significativa con sus oyentes y contribuyendo positivamente a la difusi\u00f3n de la informaci\u00f3n.<\/p>\n\n\n\n<p>Durante su discurso de orden, Miquilena resalt\u00f3 la historia de la radio en Venezuela y su panorama actual. \u00abLa radio zuliana sigue siendo un medio vital para la comunidad, adapt\u00e1ndose a las nuevas tecnolog\u00edas y manteniendo su esencia local. La radio es un medio que ha unido al mundo, Venezuela y el Zulia a trav\u00e9s de las ondas sonoras, dejando una huella imborrable en la cultura de la sociedad\u00bb.<\/p>\n\n\n\n<figure class=\"wp-block-image size-large\"><img decoding=\"async\" width=\"1024\" height=\"768\" src=\"https:\/\/entretormentas.com\/wp-content\/uploads\/2024\/06\/radioclez3-1024x768.jpg\" alt=\"\" class=\"wp-image-3361\" srcset=\"https:\/\/entretormentas.com\/wp-content\/uploads\/2024\/06\/radioclez3-1024x768.jpg 1024w, https:\/\/entretormentas.com\/wp-content\/uploads\/2024\/06\/radioclez3-300x225.jpg 300w, https:\/\/entretormentas.com\/wp-content\/uploads\/2024\/06\/radioclez3-768x576.jpg 768w, https:\/\/entretormentas.com\/wp-content\/uploads\/2024\/06\/radioclez3.jpg 1280w\" sizes=\"(max-width: 1024px) 100vw, 1024px\" \/><\/figure>\n\n\n\n<p>Por su parte, el alcalde de San Francisco Gustavo Fern\u00e1ndez, tambi\u00e9n fue reconocido con el Bot\u00f3n al M\u00e9rito por su destacada trayectoria en la radiodifusi\u00f3n zuliana.<\/p>\n\n\n\n<p>El acto cont\u00f3 con la participaci\u00f3n de locutores, periodistas y representantes de la comunidad radial zuliana, quienes expresaron su gratitud por el reconocimiento otorgado en esta jornada conmemorativa.<br><strong><em>GS \/ Prensa Clezulia<\/em><\/strong><\/p>\n","protected":false},"excerpt":{"rendered":"<p>ENTRE TORMENTAS. El Consejo Legislativo del estado Zulia (Clezulia), realiz\u00f3 una sesi\u00f3n especial este jueves&#8230;<\/p>\n","protected":false},"author":2,"featured_media":3362,"comment_status":"closed","ping_status":"open","sticky":false,"template":"","format":"standard","meta":{"footnotes":""},"categories":[1],"tags":[],"class_list":["post-3359","post","type-post","status-publish","format-standard","has-post-thumbnail","hentry","category-regionales"],"_links":{"self":[{"href":"https:\/\/entretormentas.com\/index.php?rest_route=\/wp\/v2\/posts\/3359","targetHints":{"allow":["GET"]}}],"collection":[{"href":"https:\/\/entretormentas.com\/index.php?rest_route=\/wp\/v2\/posts"}],"about":[{"href":"https:\/\/entretormentas.com\/index.php?rest_route=\/wp\/v2\/types\/post"}],"author":[{"embeddable":true,"href":"https:\/\/entretormentas.com\/index.php?rest_route=\/wp\/v2\/users\/2"}],"replies":[{"embeddable":true,"href":"https:\/\/entretormentas.com\/index.php?rest_route=%2Fwp%2Fv2%2Fcomments&post=3359"}],"version-history":[{"count":1,"href":"https:\/\/entretormentas.com\/index.php?rest_route=\/wp\/v2\/posts\/3359\/revisions"}],"predecessor-version":[{"id":3363,"href":"https:\/\/entretormentas.com\/index.php?rest_route=\/wp\/v2\/posts\/3359\/revisions\/3363"}],"wp:featuredmedia":[{"embeddable":true,"href":"https:\/\/entretormentas.com\/index.php?rest_route=\/wp\/v2\/media\/3362"}],"wp:attachment":[{"href":"https:\/\/entretormentas.com\/index.php?rest_route=%2Fwp%2Fv2%2Fmedia&parent=3359"}],"wp:term":[{"taxonomy":"category","embeddable":true,"href":"https:\/\/entretormentas.com\/index.php?rest_route=%2Fwp%2Fv2%2Fcategories&post=3359"},{"taxonomy":"post_tag","embeddable":true,"href":"https:\/\/entretormentas.com\/index.php?rest_route=%2Fwp%2Fv2%2Ftags&post=3359"}],"curies":[{"name":"wp","href":"https:\/\/api.w.org\/{rel}","templated":true}]}}