{"id":3368,"date":"2024-06-08T10:39:21","date_gmt":"2024-06-08T08:39:21","guid":{"rendered":"https:\/\/entretormentas.com\/?p=3368"},"modified":"2024-06-08T10:39:21","modified_gmt":"2024-06-08T08:39:21","slug":"prevenidos-proteccion-civil-de-san-francisco-activa-alerta-por-paso-de-onda-tropical","status":"publish","type":"post","link":"https:\/\/entretormentas.com\/prevenidos-proteccion-civil-de-san-francisco-activa-alerta-por-paso-de-onda-tropical\/","title":{"rendered":"\u00a1PREVENIDOS! Protecci\u00f3n Civil de San Francisco activa alerta por paso de onda tropical"},"content":{"rendered":"\n<p><strong>ENTRE TORMENTAS.<\/strong> El director de Protecci\u00f3n Civil del municipio San Francisco, Willy S\u00e1nchez, inform\u00f3 que el cuerpo que dirige se mantiene alerta debido a las inundaciones que se han presentado por las recurrentes lluvias en estos \u00faltimos d\u00edas en la regi\u00f3n.<\/p>\n\n\n\n<p>Esto como consecuencia del desarrollo de dos ondas tropicales que se desplazan desde el esequibo hacia el territorio nacional central y occidental del pa\u00eds, por lo que se ha activado los protocolos de seguridad y prevenci\u00f3n a la poblaci\u00f3n en los pr\u00f3ximos d\u00edas donde se estima una considerable influencia del mal tiempo que afectar\u00e1n al pa\u00eds y tambi\u00e9n al estado Zulia.<\/p>\n\n\n\n<figure class=\"wp-block-image size-large\"><img fetchpriority=\"high\" decoding=\"async\" width=\"1024\" height=\"682\" src=\"https:\/\/entretormentas.com\/wp-content\/uploads\/2024\/06\/pcalerta2-1024x682.jpg\" alt=\"\" class=\"wp-image-3369\" srcset=\"https:\/\/entretormentas.com\/wp-content\/uploads\/2024\/06\/pcalerta2-1024x682.jpg 1024w, https:\/\/entretormentas.com\/wp-content\/uploads\/2024\/06\/pcalerta2-300x200.jpg 300w, https:\/\/entretormentas.com\/wp-content\/uploads\/2024\/06\/pcalerta2-768x511.jpg 768w, https:\/\/entretormentas.com\/wp-content\/uploads\/2024\/06\/pcalerta2.jpg 1080w\" sizes=\"(max-width: 1024px) 100vw, 1024px\" \/><\/figure>\n\n\n\n<p>\u201cEn esta semana tenemos la novedad de la onda tropical N# 4 que est\u00e1 presente en el territorio del esequibo y posteriormente pasar\u00eda en las pr\u00f3ximas 48 horas a la regi\u00f3n capital y el occidente del pa\u00eds, por lo que se espera que durante el fin de semana la actividad de las precipitaciones sea a gran escala tomando en cuenta que no es la \u00fanica onda tropical en actividad ya que tambi\u00e9n una onda N# 5 se desarrolla actualmente en el atl\u00e1ntico central\u201d, detall\u00f3 S\u00e1nchez.<\/p>\n\n\n\n<p>Durante las \u00faltimas precipitaciones en la regi\u00f3n zuliana han sido reportadas inundaciones como es el caso de la Costa Oriental del Lago, espec\u00edficamente en el municipio Cabimas, donde el cuerpo de bomberos de este municipio registr\u00f3 m\u00e1s de 40 casas afectadas por el aumento del nivel del agua en la zona.<\/p>\n\n\n\n<figure class=\"wp-block-image size-large\"><img decoding=\"async\" width=\"1024\" height=\"682\" src=\"https:\/\/entretormentas.com\/wp-content\/uploads\/2024\/06\/pc3-1024x682.jpg\" alt=\"\" class=\"wp-image-3370\" srcset=\"https:\/\/entretormentas.com\/wp-content\/uploads\/2024\/06\/pc3-1024x682.jpg 1024w, https:\/\/entretormentas.com\/wp-content\/uploads\/2024\/06\/pc3-300x200.jpg 300w, https:\/\/entretormentas.com\/wp-content\/uploads\/2024\/06\/pc3-768x512.jpg 768w, https:\/\/entretormentas.com\/wp-content\/uploads\/2024\/06\/pc3.jpg 1280w\" sizes=\"(max-width: 1024px) 100vw, 1024px\" \/><\/figure>\n\n\n\n<p>El director de Protecci\u00f3n Civil del municipio sure\u00f1o agreg\u00f3 que la actividad de estas ondas tropicales que se encuentran en desarrollo es considerada dentro de su capacidad m\u00e1xima en relaci\u00f3n al comportamiento de las precitaciones por lo que el cuerpo de seguridad que lidera se encuentra prevenido para garantizar la protecci\u00f3n de la ciudadan\u00eda y brindar la asistencia en caso de ser necesario y a su vez inst\u00f3 a la poblaci\u00f3n a tomar las previsiones necesarias principalmente en las zonas vulnerables.<\/p>\n\n\n\n<p>\u201cEstas ondas tropicales se desplazan a una velocidad aproximadamente de 27 km\/h y debemos estar preparados para cualquier eventualidad que se presente puesto que la situaci\u00f3n se considera como un estado de alerta es recomendable tomar las precauciones tanto el cuerpo de Protecci\u00f3n Civil, como la comunidad\u201d, concluy\u00f3.<br><strong><em>GS \/ Alcald\u00eda de San Francisco<\/em><\/strong><\/p>\n","protected":false},"excerpt":{"rendered":"<p>ENTRE TORMENTAS. El director de Protecci\u00f3n Civil del municipio San Francisco, Willy S\u00e1nchez, inform\u00f3 que&#8230;<\/p>\n","protected":false},"author":2,"featured_media":3371,"comment_status":"closed","ping_status":"open","sticky":false,"template":"","format":"standard","meta":{"footnotes":""},"categories":[57,1],"tags":[],"class_list":["post-3368","post","type-post","status-publish","format-standard","has-post-thumbnail","hentry","category-actualidad","category-regionales"],"_links":{"self":[{"href":"https:\/\/entretormentas.com\/index.php?rest_route=\/wp\/v2\/posts\/3368","targetHints":{"allow":["GET"]}}],"collection":[{"href":"https:\/\/entretormentas.com\/index.php?rest_route=\/wp\/v2\/posts"}],"about":[{"href":"https:\/\/entretormentas.com\/index.php?rest_route=\/wp\/v2\/types\/post"}],"author":[{"embeddable":true,"href":"https:\/\/entretormentas.com\/index.php?rest_route=\/wp\/v2\/users\/2"}],"replies":[{"embeddable":true,"href":"https:\/\/entretormentas.com\/index.php?rest_route=%2Fwp%2Fv2%2Fcomments&post=3368"}],"version-history":[{"count":1,"href":"https:\/\/entretormentas.com\/index.php?rest_route=\/wp\/v2\/posts\/3368\/revisions"}],"predecessor-version":[{"id":3372,"href":"https:\/\/entretormentas.com\/index.php?rest_route=\/wp\/v2\/posts\/3368\/revisions\/3372"}],"wp:featuredmedia":[{"embeddable":true,"href":"https:\/\/entretormentas.com\/index.php?rest_route=\/wp\/v2\/media\/3371"}],"wp:attachment":[{"href":"https:\/\/entretormentas.com\/index.php?rest_route=%2Fwp%2Fv2%2Fmedia&parent=3368"}],"wp:term":[{"taxonomy":"category","embeddable":true,"href":"https:\/\/entretormentas.com\/index.php?rest_route=%2Fwp%2Fv2%2Fcategories&post=3368"},{"taxonomy":"post_tag","embeddable":true,"href":"https:\/\/entretormentas.com\/index.php?rest_route=%2Fwp%2Fv2%2Ftags&post=3368"}],"curies":[{"name":"wp","href":"https:\/\/api.w.org\/{rel}","templated":true}]}}