{"id":3566,"date":"2024-06-13T23:11:14","date_gmt":"2024-06-13T21:11:14","guid":{"rendered":"https:\/\/entretormentas.com\/?p=3566"},"modified":"2024-06-13T23:11:15","modified_gmt":"2024-06-13T21:11:15","slug":"en-el-concejo-municipal-reconocen-trabajo-de-los-ambientalistas-por-lograr-una-maracaibo-mas-limpia","status":"publish","type":"post","link":"https:\/\/entretormentas.com\/en-el-concejo-municipal-reconocen-trabajo-de-los-ambientalistas-por-lograr-una-maracaibo-mas-limpia\/","title":{"rendered":"\u00a1EN EL CONCEJO MUNICIPAL! Reconocen trabajo de los ambientalistas por lograr una \u00abMaracaibo m\u00e1s limpia\u201d"},"content":{"rendered":"\n<p><strong>ENTRE TORMENTAS. <\/strong>Son la primera cara de la ciudad, la punta de lanza en la batalla por una Maracaibo m\u00e1s limpia y m\u00e1s verde. Los ambientalistas del Instituto Municipal de Aseo Urbano (IMAU) y del Instituto Municipal de Ambiente (IMA) recibieron un reconocimiento por parte del Concejo Municipal de Maracaibo debido a su tit\u00e1nico trabajo en la recolecci\u00f3n de desechos, labor que es reconocida por m\u00e1s del 70 % de los marabinos.<\/p>\n\n\n\n<p>El acto, presidido por el presidente del Concejo Municipal, Jos\u00e9 Berm\u00fadez, cont\u00f3 con la presencia de los concejales del municipio, as\u00ed como de Juan Lara, presidente del IMAU; Jos\u00e9 \u00c1ngel P\u00e9rez, presidente del IMA, y representantes de los ambientalistas. Se llev\u00f3 a cabo en el sal\u00f3n de sesiones del Concejo.<\/p>\n\n\n\n<p>Jos\u00e9 Berm\u00fadez calific\u00f3 a los ambientalistas del IMA e IMAU como los \u201ch\u00e9roes\u201d de la ciudad debido a su \u201cdestacada labor\u201d en la \u201c\u00e9pica recuperaci\u00f3n\u201d del municipio.<\/p>\n\n\n\n<figure class=\"wp-block-image size-large\"><img fetchpriority=\"high\" decoding=\"async\" width=\"1024\" height=\"576\" src=\"https:\/\/entretormentas.com\/wp-content\/uploads\/2024\/06\/heroes2-1024x576.jpg\" alt=\"\" class=\"wp-image-3567\" srcset=\"https:\/\/entretormentas.com\/wp-content\/uploads\/2024\/06\/heroes2-1024x576.jpg 1024w, https:\/\/entretormentas.com\/wp-content\/uploads\/2024\/06\/heroes2-300x169.jpg 300w, https:\/\/entretormentas.com\/wp-content\/uploads\/2024\/06\/heroes2-768x432.jpg 768w, https:\/\/entretormentas.com\/wp-content\/uploads\/2024\/06\/heroes2.jpg 1280w\" sizes=\"(max-width: 1024px) 100vw, 1024px\" \/><\/figure>\n\n\n\n<p>\u201cPasamos de la oscuridad a la luz gracias a ustedes. Desde el primer d\u00eda se pusieron guantes y botas para salir a recuperar nuestra ciudad\u201d, recalc\u00f3. \u201cHoy la ciudad los respeta y reconoce a cada uno de ustedes, as\u00ed como el esfuerzo que realizan cada d\u00eda\u201d, afirm\u00f3.<\/p>\n\n\n\n<p>Adem\u00e1s, destac\u00f3 que desde el Concejo Municipal se trabaja en una ordenanza de reciclaje \u201cque en buena medida aportar\u00e1 soluciones, buscando siempre reducir la contaminaci\u00f3n de nuestra ciudad. Ustedes cuentan con nosotros para seguir buscando formas de apoyar en su labor diaria. Trabajemos unidos para mantener la recolecci\u00f3n de desechos s\u00f3lidos en porcentajes \u00f3ptimos\u201d.<\/p>\n\n\n\n<p>Juan Lara, presidente del IMAU, se mostr\u00f3 agradecido y orgulloso por el reconocimiento que reciben los ambientalistas, recordando que su \u201clabor incansable no solo embellece a nuestra ciudad, sino que tambi\u00e9n protege nuestra salud y bienestar\u201d.<\/p>\n\n\n\n<p>\u201cEs gracias a ustedes que hoy podemos decir con orgullo que Maracaibo est\u00e1 m\u00e1s limpia. Siete de cada diez marabinos valoran positivamente el servicio municipal de aseo urbano, y esto es un reflejo de su dedicaci\u00f3n y amor por nuestra ciudad\u201d.<\/p>\n\n\n\n<p>Jos\u00e9 \u00c1ngel P\u00e9rez, presidente del IMA, record\u00f3 que para 2021, la ciudad se encontraba colapsada de desechos s\u00f3lidos y fue gracias a la acci\u00f3n coordinada de los ambientalistas que hoy \u201cpodemos decir que Maracaibo est\u00e1 m\u00e1s limpia\u201d.<\/p>\n\n\n\n<p>\u201cA los 100 d\u00edas de gobierno del alcalde Rafael Ram\u00edrez pudimos superar la crisis sanitaria que hab\u00eda, y eso se logr\u00f3 gracias a su trabajo, a su esfuerzo, a su dedicaci\u00f3n y a su amor por Maracaibo\u201d, record\u00f3.<\/p>\n\n\n\n<p>Darwin Camacho, coordinador de barrido manual del IMA, asegur\u00f3 que su objetivo y el de todos los ambientalistas es el de \u201cembellecer nuestra Casa Grande\u201d.<\/p>\n\n\n\n<p>\u201cEs un honor para nosotros este reconocimiento, significa que valoran el esfuerzo y dedicaci\u00f3n que ponemos d\u00eda a d\u00eda en nuestro trabajo\u201d.<\/p>\n\n\n\n<p>Camacho y otros ambientalistas como Gregorio V\u00edlchez, supervisor del IMAU y Mart\u00edn Guti\u00e9rrez, gerente de operaciones del IMAU, pasaron a recibir los reconocimientos en representaci\u00f3n de todos los ambientalistas que trabajan en las instituciones municipales.<br><strong><em>GS \/ DCI Alcald\u00eda de Maracaibo<\/em><\/strong><\/p>\n","protected":false},"excerpt":{"rendered":"<p>ENTRE TORMENTAS. Son la primera cara de la ciudad, la punta de lanza en la&#8230;<\/p>\n","protected":false},"author":2,"featured_media":3568,"comment_status":"closed","ping_status":"open","sticky":false,"template":"","format":"standard","meta":{"footnotes":""},"categories":[1],"tags":[],"class_list":["post-3566","post","type-post","status-publish","format-standard","has-post-thumbnail","hentry","category-regionales"],"_links":{"self":[{"href":"https:\/\/entretormentas.com\/index.php?rest_route=\/wp\/v2\/posts\/3566","targetHints":{"allow":["GET"]}}],"collection":[{"href":"https:\/\/entretormentas.com\/index.php?rest_route=\/wp\/v2\/posts"}],"about":[{"href":"https:\/\/entretormentas.com\/index.php?rest_route=\/wp\/v2\/types\/post"}],"author":[{"embeddable":true,"href":"https:\/\/entretormentas.com\/index.php?rest_route=\/wp\/v2\/users\/2"}],"replies":[{"embeddable":true,"href":"https:\/\/entretormentas.com\/index.php?rest_route=%2Fwp%2Fv2%2Fcomments&post=3566"}],"version-history":[{"count":1,"href":"https:\/\/entretormentas.com\/index.php?rest_route=\/wp\/v2\/posts\/3566\/revisions"}],"predecessor-version":[{"id":3569,"href":"https:\/\/entretormentas.com\/index.php?rest_route=\/wp\/v2\/posts\/3566\/revisions\/3569"}],"wp:featuredmedia":[{"embeddable":true,"href":"https:\/\/entretormentas.com\/index.php?rest_route=\/wp\/v2\/media\/3568"}],"wp:attachment":[{"href":"https:\/\/entretormentas.com\/index.php?rest_route=%2Fwp%2Fv2%2Fmedia&parent=3566"}],"wp:term":[{"taxonomy":"category","embeddable":true,"href":"https:\/\/entretormentas.com\/index.php?rest_route=%2Fwp%2Fv2%2Fcategories&post=3566"},{"taxonomy":"post_tag","embeddable":true,"href":"https:\/\/entretormentas.com\/index.php?rest_route=%2Fwp%2Fv2%2Ftags&post=3566"}],"curies":[{"name":"wp","href":"https:\/\/api.w.org\/{rel}","templated":true}]}}