{"id":3570,"date":"2024-06-13T23:19:52","date_gmt":"2024-06-13T21:19:52","guid":{"rendered":"https:\/\/entretormentas.com\/?p=3570"},"modified":"2024-06-13T23:19:53","modified_gmt":"2024-06-13T21:19:53","slug":"respaldo-municipal-continua-el-crecimiento-economico-de-san-francisco-con-nueva-tienda-departamental","status":"publish","type":"post","link":"https:\/\/entretormentas.com\/respaldo-municipal-continua-el-crecimiento-economico-de-san-francisco-con-nueva-tienda-departamental\/","title":{"rendered":"\u00a1RESPALDO MUNICIPAL! Contin\u00faa el crecimiento econ\u00f3mico de San Francisco con nueva tienda departamental"},"content":{"rendered":"\n<p><strong>ENTRE TORMENTAS. <\/strong>San Francisco cuenta con un nuevo emprendimiento empresarial que ratifica, una vez m\u00e1s, el crecimiento progresivo y sostenido del aparato productivo del municipio. En esta nueva oportunidad, se instal\u00f3 la tienda departamental Fashion City San Francisco, que se suma a los grandes emprendedores que creen fielmente en la confianza que genera la gesti\u00f3n del alcalde Gustavo Fern\u00e1ndez.<\/p>\n\n\n\n<figure class=\"wp-block-image size-large\"><img fetchpriority=\"high\" decoding=\"async\" width=\"1024\" height=\"714\" src=\"https:\/\/entretormentas.com\/wp-content\/uploads\/2024\/06\/empresa2-1024x714.jpg\" alt=\"\" class=\"wp-image-3571\" srcset=\"https:\/\/entretormentas.com\/wp-content\/uploads\/2024\/06\/empresa2-1024x714.jpg 1024w, https:\/\/entretormentas.com\/wp-content\/uploads\/2024\/06\/empresa2-300x209.jpg 300w, https:\/\/entretormentas.com\/wp-content\/uploads\/2024\/06\/empresa2-768x535.jpg 768w, https:\/\/entretormentas.com\/wp-content\/uploads\/2024\/06\/empresa2.jpg 1080w\" sizes=\"(max-width: 1024px) 100vw, 1024px\" \/><\/figure>\n\n\n\n<p>El alcalde de San Francisco estuvo presente en la inauguraci\u00f3n de la tienda departamental, acompa\u00f1ado de la primera dama del municipio, Franciela N\u00fa\u00f1ez; Evelyn Castro, gerente de Desarrollo Econ\u00f3mico; dem\u00e1s autoridades de su tren gerencial y parte de la directiva empresarial de este nuevo comercio.<\/p>\n\n\n\n<figure class=\"wp-block-image size-large\"><img decoding=\"async\" width=\"1024\" height=\"682\" src=\"https:\/\/entretormentas.com\/wp-content\/uploads\/2024\/06\/empresa3-1024x682.jpg\" alt=\"\" class=\"wp-image-3572\" srcset=\"https:\/\/entretormentas.com\/wp-content\/uploads\/2024\/06\/empresa3-1024x682.jpg 1024w, https:\/\/entretormentas.com\/wp-content\/uploads\/2024\/06\/empresa3-300x200.jpg 300w, https:\/\/entretormentas.com\/wp-content\/uploads\/2024\/06\/empresa3-768x511.jpg 768w, https:\/\/entretormentas.com\/wp-content\/uploads\/2024\/06\/empresa3.jpg 1080w\" sizes=\"(max-width: 1024px) 100vw, 1024px\" \/><\/figure>\n\n\n\n<p>El l\u00edder municipal resalt\u00f3 que en el municipio los peque\u00f1os, medianos y grandes comerciantes pueden sentir confianza en hacer grandes inversiones, ya que existe respeto por la propiedad privada, adem\u00e1s estos pueden creer en los cuerpos de seguridad y en un gobierno municipal que apostar\u00e1 por el crecimiento econ\u00f3mico de la ciudad convirtiendo, poco a poco, a paso seguro, a San Francisco en una fuerza econ\u00f3mica del estado Zulia.<\/p>\n\n\n\n<p>Esta tienda ubicada en la urbanizaci\u00f3n La Coromoto, en la avenida 40, ofrecer\u00e1 diferentes variedades al p\u00fablico en general contando con: v\u00edveres, maquillaje, zapater\u00eda, ferreter\u00eda, electrodom\u00e9sticos y mucho m\u00e1s, con un horario de atenci\u00f3n de 8:00 am a 10:00 pm.<br><strong><em>GS \/ Alcald\u00eda de San Francisco<\/em><\/strong><\/p>\n","protected":false},"excerpt":{"rendered":"<p>ENTRE TORMENTAS. San Francisco cuenta con un nuevo emprendimiento empresarial que ratifica, una vez m\u00e1s,&#8230;<\/p>\n","protected":false},"author":2,"featured_media":3573,"comment_status":"closed","ping_status":"open","sticky":false,"template":"","format":"standard","meta":{"footnotes":""},"categories":[57,1],"tags":[],"class_list":["post-3570","post","type-post","status-publish","format-standard","has-post-thumbnail","hentry","category-actualidad","category-regionales"],"_links":{"self":[{"href":"https:\/\/entretormentas.com\/index.php?rest_route=\/wp\/v2\/posts\/3570","targetHints":{"allow":["GET"]}}],"collection":[{"href":"https:\/\/entretormentas.com\/index.php?rest_route=\/wp\/v2\/posts"}],"about":[{"href":"https:\/\/entretormentas.com\/index.php?rest_route=\/wp\/v2\/types\/post"}],"author":[{"embeddable":true,"href":"https:\/\/entretormentas.com\/index.php?rest_route=\/wp\/v2\/users\/2"}],"replies":[{"embeddable":true,"href":"https:\/\/entretormentas.com\/index.php?rest_route=%2Fwp%2Fv2%2Fcomments&post=3570"}],"version-history":[{"count":1,"href":"https:\/\/entretormentas.com\/index.php?rest_route=\/wp\/v2\/posts\/3570\/revisions"}],"predecessor-version":[{"id":3574,"href":"https:\/\/entretormentas.com\/index.php?rest_route=\/wp\/v2\/posts\/3570\/revisions\/3574"}],"wp:featuredmedia":[{"embeddable":true,"href":"https:\/\/entretormentas.com\/index.php?rest_route=\/wp\/v2\/media\/3573"}],"wp:attachment":[{"href":"https:\/\/entretormentas.com\/index.php?rest_route=%2Fwp%2Fv2%2Fmedia&parent=3570"}],"wp:term":[{"taxonomy":"category","embeddable":true,"href":"https:\/\/entretormentas.com\/index.php?rest_route=%2Fwp%2Fv2%2Fcategories&post=3570"},{"taxonomy":"post_tag","embeddable":true,"href":"https:\/\/entretormentas.com\/index.php?rest_route=%2Fwp%2Fv2%2Ftags&post=3570"}],"curies":[{"name":"wp","href":"https:\/\/api.w.org\/{rel}","templated":true}]}}