{"id":3580,"date":"2024-06-13T23:34:11","date_gmt":"2024-06-13T21:34:11","guid":{"rendered":"https:\/\/entretormentas.com\/?p=3580"},"modified":"2024-06-13T23:34:11","modified_gmt":"2024-06-13T21:34:11","slug":"por-una-maracaibo-mas-limpia-alcaldia-arranca-plan-de-desmalezamiento-diario-en-corredores-viales","status":"publish","type":"post","link":"https:\/\/entretormentas.com\/por-una-maracaibo-mas-limpia-alcaldia-arranca-plan-de-desmalezamiento-diario-en-corredores-viales\/","title":{"rendered":"\u00a1POR UNA MARACAIBO M\u00c1S LIMPIA\u00a1 Alcald\u00eda arranca Plan de Desmalezamiento diario en corredores viales"},"content":{"rendered":"\n<p><strong>ENTRE TORMENTAS. <\/strong>En un esfuerzo por avanzar en la mejora de la infraestructura urbana y mantener a Maracaibo m\u00e1s limpia, la Alcald\u00eda puso en marcha el Plan de Desmalezamiento diario en los principales corredores viales de la capital zuliana.\u00a0<\/p>\n\n\n\n<p>Seg\u00fan inform\u00f3 el alcalde Rafael Ram\u00edrez Colina en su Balance de Gesti\u00f3n y Transparencia n\u00famero 110, esta iniciativa se suma a los esfuerzos previos de limpieza y saneamiento, que incluyeron la implementaci\u00f3n de la frecuencia bisemanal de recolecci\u00f3n de desechos en ocho de las 18 parroquias y la limpieza de las 19 ca\u00f1adas que atraviesan la ciudad.<\/p>\n\n\n\n<p>La autoridad municipal destac\u00f3 que la efectividad en la recolecci\u00f3n de desechos supera el 90% en las 18 parroquias y en los primeros cinco meses del a\u00f1o 19,5 kil\u00f3metros lineales de cauces fueron saneados. A estos esfuerzos se suma el Plan de Desmalezamiento con el objetivo de controlar el crecimiento de malas hierbas y mantener libres de vegetaci\u00f3n invasiva 23 corredores viales de Maracaibo.<\/p>\n\n\n\n<p>\u00abLogramos establecer una frecuencia bisemanal en ocho parroquias y mantenemos la recolecci\u00f3n fija, un d\u00eda a la semana, en las otras 10 restantes. Hoy presentamos el Plan de Desmalezamiento anticip\u00e1ndonos a las lluvias prolongadas y continuas que se esperan como efecto del fen\u00f3meno de La Ni\u00f1a en todo el pa\u00eds\u201d, aport\u00f3 Ram\u00edrez Colina.<\/p>\n\n\n\n<figure class=\"wp-block-image size-large\"><img fetchpriority=\"high\" decoding=\"async\" width=\"1024\" height=\"576\" src=\"https:\/\/entretormentas.com\/wp-content\/uploads\/2024\/06\/planmara2-1024x576.jpg\" alt=\"\" class=\"wp-image-3581\" srcset=\"https:\/\/entretormentas.com\/wp-content\/uploads\/2024\/06\/planmara2-1024x576.jpg 1024w, https:\/\/entretormentas.com\/wp-content\/uploads\/2024\/06\/planmara2-300x169.jpg 300w, https:\/\/entretormentas.com\/wp-content\/uploads\/2024\/06\/planmara2-768x432.jpg 768w, https:\/\/entretormentas.com\/wp-content\/uploads\/2024\/06\/planmara2.jpg 1280w\" sizes=\"(max-width: 1024px) 100vw, 1024px\" \/><\/figure>\n\n\n\n<p>El crecimiento de maleza no s\u00f3lo genera una impresi\u00f3n descuidada en los espacios p\u00fablicos, sino que favorece la proliferaci\u00f3n de plagas, seg\u00fan explic\u00f3 el Alcalde. Adem\u00e1s, destac\u00f3 la importancia de la labor de los ambientalistas, quienes se encargan de mantener las v\u00edas limpias y despejadas para el beneficio de todos los habitantes.&nbsp;<\/p>\n\n\n\n<p>\u201cComo ciudadanos, podemos contribuir evitando ensuciar en exceso, utilizando las papeleras y siendo conscientes de que hay personas dedicadas a mantener nuestra hermosa ciudad. Reconozcamos su esfuerzo y valoremos el resultado de su trabajo\u201d.<\/p>\n\n\n\n<p><strong>Los corredores viales que ser\u00e1n atendidos son los siguientes:\u00a0<\/strong><\/p>\n\n\n\n<ul class=\"wp-block-list\">\n<li>Prolongaci\u00f3n #2<\/li>\n\n\n\n<li>Avenida Universidad<\/li>\n\n\n\n<li>Avenida 100 Sabaneta<\/li>\n\n\n\n<li>Avenida 16 Guajira<\/li>\n<\/ul>\n\n\n\n<p>\u2022Vial Aeropuerto<\/p>\n\n\n\n<ul class=\"wp-block-list\">\n<li>Avenida 5 de Julio<\/li>\n\n\n\n<li>Avenida Padilla<\/li>\n<\/ul>\n\n\n\n<p>\u2022Avenida 67 Cecilio Acosta<\/p>\n\n\n\n<ul class=\"wp-block-list\">\n<li>Avenida El milagro<\/li>\n\n\n\n<li>Avenida Libertador<\/li>\n<\/ul>\n\n\n\n<p>\u2022Calle 72<\/p>\n\n\n\n<p>\u2022Avenida 4 Bella Vista<\/p>\n\n\n\n<ul class=\"wp-block-list\">\n<li>Bas\u00edlica Nuestra Se\u00f1ora de Chiquinquir\u00e1<\/li>\n\n\n\n<li>Circunvalaci\u00f3n #2<\/li>\n\n\n\n<li>Avenida 8 P\u00e1ez-Casco central<\/li>\n\n\n\n<li>Avenida Los Haticos<\/li>\n\n\n\n<li>Avenida Venezuela Casco-Central<\/li>\n\n\n\n<li>Calle derecha Casco-Central<\/li>\n\n\n\n<li>Calle Carabobo Casco-Central<\/li>\n\n\n\n<li>Mercados municipales<\/li>\n\n\n\n<li>Mercado Las Pulgas<\/li>\n\n\n\n<li>Curva de Molina<\/li>\n\n\n\n<li>Complejo Deportivo Patria Joven.<br><strong><em>GS \/ DCI Alcald\u00eda de Maracaibo<\/em><\/strong><\/li>\n<\/ul>\n","protected":false},"excerpt":{"rendered":"<p>ENTRE TORMENTAS. En un esfuerzo por avanzar en la mejora de la infraestructura urbana y&#8230;<\/p>\n","protected":false},"author":2,"featured_media":3582,"comment_status":"closed","ping_status":"open","sticky":false,"template":"","format":"standard","meta":{"footnotes":""},"categories":[57,1],"tags":[],"class_list":["post-3580","post","type-post","status-publish","format-standard","has-post-thumbnail","hentry","category-actualidad","category-regionales"],"_links":{"self":[{"href":"https:\/\/entretormentas.com\/index.php?rest_route=\/wp\/v2\/posts\/3580","targetHints":{"allow":["GET"]}}],"collection":[{"href":"https:\/\/entretormentas.com\/index.php?rest_route=\/wp\/v2\/posts"}],"about":[{"href":"https:\/\/entretormentas.com\/index.php?rest_route=\/wp\/v2\/types\/post"}],"author":[{"embeddable":true,"href":"https:\/\/entretormentas.com\/index.php?rest_route=\/wp\/v2\/users\/2"}],"replies":[{"embeddable":true,"href":"https:\/\/entretormentas.com\/index.php?rest_route=%2Fwp%2Fv2%2Fcomments&post=3580"}],"version-history":[{"count":1,"href":"https:\/\/entretormentas.com\/index.php?rest_route=\/wp\/v2\/posts\/3580\/revisions"}],"predecessor-version":[{"id":3583,"href":"https:\/\/entretormentas.com\/index.php?rest_route=\/wp\/v2\/posts\/3580\/revisions\/3583"}],"wp:featuredmedia":[{"embeddable":true,"href":"https:\/\/entretormentas.com\/index.php?rest_route=\/wp\/v2\/media\/3582"}],"wp:attachment":[{"href":"https:\/\/entretormentas.com\/index.php?rest_route=%2Fwp%2Fv2%2Fmedia&parent=3580"}],"wp:term":[{"taxonomy":"category","embeddable":true,"href":"https:\/\/entretormentas.com\/index.php?rest_route=%2Fwp%2Fv2%2Fcategories&post=3580"},{"taxonomy":"post_tag","embeddable":true,"href":"https:\/\/entretormentas.com\/index.php?rest_route=%2Fwp%2Fv2%2Ftags&post=3580"}],"curies":[{"name":"wp","href":"https:\/\/api.w.org\/{rel}","templated":true}]}}