{"id":3620,"date":"2024-06-14T10:48:25","date_gmt":"2024-06-14T08:48:25","guid":{"rendered":"https:\/\/entretormentas.com\/?p=3620"},"modified":"2024-06-14T10:48:26","modified_gmt":"2024-06-14T08:48:26","slug":"en-tres-categorias-rosales-abandero-a-equipos-que-representaran-a-venezuela-en-el-latinoamericano-de-pl","status":"publish","type":"post","link":"https:\/\/entretormentas.com\/en-tres-categorias-rosales-abandero-a-equipos-que-representaran-a-venezuela-en-el-latinoamericano-de-pl\/","title":{"rendered":"\u00a1EN TRES CATEGOR\u00cdAS! Rosales abander\u00f3 a equipos que representar\u00e1n a Venezuela en el Latinoamericano de PL"},"content":{"rendered":"\n<p><strong>ENTRE TORMENTAS.<\/strong> El gobernador Manuel Rosales abander\u00f3 a la Selecci\u00f3n de Venezuela que participar\u00e1 en los Juegos Latinoamericanos de B\u00e9isbol de Peque\u00f1as Ligas, categor\u00edas Preinfantil, Intermedio y Senior, en los eventos que se desarrollar\u00e1n en Puerto Rico, Rep\u00fablica Dominicana y Guatemala. Lo hizo en un acto celebrado en el Palacio de Gobierno, donde participaron miembros del Gabinete Ejecutivo y directivos de las Peque\u00f1as Ligas.<\/p>\n\n\n\n<p>Rosales abander\u00f3 a los equipos de Coquivacoa, Maracaibo, Zulia, en la Categor\u00eda Preinfantil, de 9 a 10 a\u00f1os. Adem\u00e1s, en la Categor\u00eda Intermedia (de 11 a 13 a\u00f1os) entreg\u00f3 el Tricolor Patrio a quienes participar\u00e1n en el Latinoamericano en Rep\u00fablica Dominicana, del 23 al 30 de junio. Igualmente fue abanderada la delegaci\u00f3n que asistir\u00e1 al Latinoamericano de B\u00e9isbol Senior (16 y 17 a\u00f1os) en Guatemala, del 14 al 22 de junio de 2024.<\/p>\n\n\n\n<p>\u00abNo solo es beisbol, o un bate, o un guante\u00bb dijo Rosales. \u00abLas Peque\u00f1as Ligas son disciplina personal, ejemplo de conducta y en su estatura como miembros de un club\u00bb dijo a los muchachos. \u00abEsto tambi\u00e9n involucra respeto, aprender a jugar en equipo, y el maravilloso binomio con el estudio\u00bb.<\/p>\n\n\n\n<figure class=\"wp-block-image size-large\"><img fetchpriority=\"high\" decoding=\"async\" width=\"1024\" height=\"453\" src=\"https:\/\/entretormentas.com\/wp-content\/uploads\/2024\/06\/abanderados2-1024x453.jpg\" alt=\"\" class=\"wp-image-3621\" srcset=\"https:\/\/entretormentas.com\/wp-content\/uploads\/2024\/06\/abanderados2-1024x453.jpg 1024w, https:\/\/entretormentas.com\/wp-content\/uploads\/2024\/06\/abanderados2-300x133.jpg 300w, https:\/\/entretormentas.com\/wp-content\/uploads\/2024\/06\/abanderados2-768x340.jpg 768w, https:\/\/entretormentas.com\/wp-content\/uploads\/2024\/06\/abanderados2.jpg 1280w\" sizes=\"(max-width: 1024px) 100vw, 1024px\" \/><\/figure>\n\n\n\n<p>El Gobernador manifest\u00f3 que este es un acto de much\u00edsima significaci\u00f3n, no solo para el deporte, sino para la expresi\u00f3n como sociedad, la historia del Zulia y las familias que est\u00e1n llenas de expectativas, de esperanza con los jugadores, ni\u00f1os y j\u00f3venes, en diferentes categor\u00edas, equipos; en zonas, sectores y que van emergiendo en todos los municipios de la regi\u00f3n.<\/p>\n\n\n\n<p>Record\u00f3 la realizaci\u00f3n, en Maracaibo y San Francisco, del Campeonato Latinoamericano de Peque\u00f1as Ligas. \u00abFue un tramo duro. Con el esfuerzo de todos acondicionamos los espacios, dise\u00f1ando las estrategias, construyendo los caminos para el \u00e9xito\u00bb declar\u00f3.<\/p>\n\n\n\n<p>Record\u00f3 el Mandatario que el \u00e9xito fue mancomunado: \u00abtrabajando en la Villa Deportiva, en los sistemas de transporte, seguridad, protocolo y atenci\u00f3n para las delegaciones invitadas. Fue un gigantesco trabajo, reconocido no solo en el Zulia, sino tambi\u00e9n en el resto de Venezuela y por los pa\u00edses que participaron\u00bb, dijo.<\/p>\n\n\n\n<p>El Gobernador anunci\u00f3 que en 2025 el Zulia ser\u00e1 de nuevo sede, en la Categor\u00eda Infantil, del Campeonato Latinoamericano de Peque\u00f1as Ligas, por lo que pronto iniciar\u00e1n lo concerniente a los preparativos para este importante evento.<\/p>\n\n\n\n<p>Recalc\u00f3 que la lucha para la concreci\u00f3n del torneo ya inici\u00f3, y destac\u00f3 el trabajo de la Peque\u00f1a Liga de Coquivacoa, con casi siete d\u00e9cadas, \u00abes ejemplo para el Zulia y Venezuela y que nos hace sentir orgullosos de esa siembra que se ha mantenido en el tiempo\u00bb.<br><strong><em>GS \/ Gobernaci\u00f3n del Zulia<\/em><\/strong><\/p>\n","protected":false},"excerpt":{"rendered":"<p>ENTRE TORMENTAS. El gobernador Manuel Rosales abander\u00f3 a la Selecci\u00f3n de Venezuela que participar\u00e1 en&#8230;<\/p>\n","protected":false},"author":2,"featured_media":3622,"comment_status":"closed","ping_status":"open","sticky":false,"template":"","format":"standard","meta":{"footnotes":""},"categories":[53],"tags":[],"class_list":["post-3620","post","type-post","status-publish","format-standard","has-post-thumbnail","hentry","category-deportes"],"_links":{"self":[{"href":"https:\/\/entretormentas.com\/index.php?rest_route=\/wp\/v2\/posts\/3620","targetHints":{"allow":["GET"]}}],"collection":[{"href":"https:\/\/entretormentas.com\/index.php?rest_route=\/wp\/v2\/posts"}],"about":[{"href":"https:\/\/entretormentas.com\/index.php?rest_route=\/wp\/v2\/types\/post"}],"author":[{"embeddable":true,"href":"https:\/\/entretormentas.com\/index.php?rest_route=\/wp\/v2\/users\/2"}],"replies":[{"embeddable":true,"href":"https:\/\/entretormentas.com\/index.php?rest_route=%2Fwp%2Fv2%2Fcomments&post=3620"}],"version-history":[{"count":1,"href":"https:\/\/entretormentas.com\/index.php?rest_route=\/wp\/v2\/posts\/3620\/revisions"}],"predecessor-version":[{"id":3623,"href":"https:\/\/entretormentas.com\/index.php?rest_route=\/wp\/v2\/posts\/3620\/revisions\/3623"}],"wp:featuredmedia":[{"embeddable":true,"href":"https:\/\/entretormentas.com\/index.php?rest_route=\/wp\/v2\/media\/3622"}],"wp:attachment":[{"href":"https:\/\/entretormentas.com\/index.php?rest_route=%2Fwp%2Fv2%2Fmedia&parent=3620"}],"wp:term":[{"taxonomy":"category","embeddable":true,"href":"https:\/\/entretormentas.com\/index.php?rest_route=%2Fwp%2Fv2%2Fcategories&post=3620"},{"taxonomy":"post_tag","embeddable":true,"href":"https:\/\/entretormentas.com\/index.php?rest_route=%2Fwp%2Fv2%2Ftags&post=3620"}],"curies":[{"name":"wp","href":"https:\/\/api.w.org\/{rel}","templated":true}]}}