{"id":3806,"date":"2024-06-19T06:42:58","date_gmt":"2024-06-19T04:42:58","guid":{"rendered":"https:\/\/entretormentas.com\/?p=3806"},"modified":"2024-06-19T06:42:59","modified_gmt":"2024-06-19T04:42:59","slug":"con-paso-firme-alcaldia-de-san-francisco-avanza-hacia-la-recuperacion-vial-del-municipio","status":"publish","type":"post","link":"https:\/\/entretormentas.com\/con-paso-firme-alcaldia-de-san-francisco-avanza-hacia-la-recuperacion-vial-del-municipio\/","title":{"rendered":"\u00a1CON PASO FIRME! Alcald\u00eda de San Francisco avanza hacia la recuperaci\u00f3n vial del municipio"},"content":{"rendered":"\n<p><strong>ENTRE TORMENTAS. <\/strong>El alcalde de San Francisco, Gustavo Fern\u00e1ndez, junto a su equipo de trabajo avanza con paso firme hacia la recuperaci\u00f3n vial del municipio.<\/p>\n\n\n\n<p>Durante el primer semestre del a\u00f1o 2024, la Unidad de Bacheo, ha colocado aproximadamente 142 toneladas de asfalto caliente tipo III en las principales calles y avenidas de la entidad, beneficiando a vecinos, conductores y transportistas del sector p\u00fablico, abarcando las siete parroquias que componen la geograf\u00eda sure\u00f1a.<\/p>\n\n\n\n<figure class=\"wp-block-image size-large\"><img fetchpriority=\"high\" decoding=\"async\" width=\"1024\" height=\"683\" src=\"https:\/\/entretormentas.com\/wp-content\/uploads\/2024\/06\/vialsf2-1024x683.jpg\" alt=\"\" class=\"wp-image-3807\" srcset=\"https:\/\/entretormentas.com\/wp-content\/uploads\/2024\/06\/vialsf2-1024x683.jpg 1024w, https:\/\/entretormentas.com\/wp-content\/uploads\/2024\/06\/vialsf2-300x200.jpg 300w, https:\/\/entretormentas.com\/wp-content\/uploads\/2024\/06\/vialsf2-768x512.jpg 768w, https:\/\/entretormentas.com\/wp-content\/uploads\/2024\/06\/vialsf2.jpg 1280w\" sizes=\"(max-width: 1024px) 100vw, 1024px\" \/><\/figure>\n\n\n\n<p>Estos trabajos de recuperaci\u00f3n se vienen realizando desde principios de a\u00f1o, en las avenidas 1 del sector Noriega Trigo, 5 de San Francisco, 10 de Sierra Maestra, la 40 del sector Villa Bolivariana y las calles 161, 162, 158 (Urbanizaci\u00f3n San Francisco)171 ( Urbanizaci\u00f3n La Coromoto) 175 con avenida 49 (Urbanizaci\u00f3n La Popular) 183 sector La Polar y 32 en el sector Negro Primero.<\/p>\n\n\n\n<p>Aunado a esto en la gesti\u00f3n del alcalde Gustavo Fern\u00e1ndez se han rehabilitado integralmente 11 corredores viales con reasfaltado, demarcaci\u00f3n, pinturas de aceras y brocales, alumbrado p\u00fablico, fugas de tuber\u00edas de aguas blancas y negras, ofreci\u00e9ndole a propios y for\u00e1neos espacios dignificados, d\u00e1ndole un nuevo rostro al municipio, en materia de infraestructura y seguridad v\u00edal.<\/p>\n\n\n\n<p>La alcald\u00eda de San Francisco, continuar\u00e1 impulsando la modernizaci\u00f3n de la vialidad, a trav\u00e9s del trabajo en conjunto con las gerencias de infraestructura y operaciones, para beneficio de transportistas, comerciantes y transe\u00fantes.<\/p>\n\n\n\n<figure class=\"wp-block-image size-large\"><img decoding=\"async\" width=\"1024\" height=\"683\" src=\"https:\/\/entretormentas.com\/wp-content\/uploads\/2024\/06\/vialsf3-1024x683.jpg\" alt=\"\" class=\"wp-image-3808\" srcset=\"https:\/\/entretormentas.com\/wp-content\/uploads\/2024\/06\/vialsf3-1024x683.jpg 1024w, https:\/\/entretormentas.com\/wp-content\/uploads\/2024\/06\/vialsf3-300x200.jpg 300w, https:\/\/entretormentas.com\/wp-content\/uploads\/2024\/06\/vialsf3-768x512.jpg 768w, https:\/\/entretormentas.com\/wp-content\/uploads\/2024\/06\/vialsf3.jpg 1280w\" sizes=\"(max-width: 1024px) 100vw, 1024px\" \/><\/figure>\n\n\n\n<p>Luego de a\u00f1os de desidia y abandono que imped\u00edan la correcta y adecuaci\u00f3n movilizaci\u00f3n del parque automotor en San Francisco, los habitantes, conductores particulares y choferes de carros, vans y autobuses por puesto se mostraron complacidos con las labores de bacheo, que no solo contribuyen con el mejoramiento de las v\u00edas, sino tambi\u00e9n con la durabilidad de sus veh\u00edculos.<\/p>\n\n\n\n<p>\u00abAnteriormente la gran cantidad de huecos que hab\u00edan, hac\u00eda imposible la circulaci\u00f3n de los carros, sin que da\u00f1ara r\u00e1pidamente el tren delantero. Ya gracias a Dios y al accionar del alcalde Gustavo Fern\u00e1ndez, hoy en San Francisco, tenemos otra realidad\u00bb acot\u00f3 On\u00e9simo Bracho, usuario de una de las zonas recuperadas.<br><strong><em>GS \/ Alcald\u00eda de San Francisco<\/em><\/strong><\/p>\n","protected":false},"excerpt":{"rendered":"<p>ENTRE TORMENTAS. El alcalde de San Francisco, Gustavo Fern\u00e1ndez, junto a su equipo de trabajo&#8230;<\/p>\n","protected":false},"author":2,"featured_media":3809,"comment_status":"closed","ping_status":"open","sticky":false,"template":"","format":"standard","meta":{"footnotes":""},"categories":[57,1],"tags":[],"class_list":["post-3806","post","type-post","status-publish","format-standard","has-post-thumbnail","hentry","category-actualidad","category-regionales"],"_links":{"self":[{"href":"https:\/\/entretormentas.com\/index.php?rest_route=\/wp\/v2\/posts\/3806","targetHints":{"allow":["GET"]}}],"collection":[{"href":"https:\/\/entretormentas.com\/index.php?rest_route=\/wp\/v2\/posts"}],"about":[{"href":"https:\/\/entretormentas.com\/index.php?rest_route=\/wp\/v2\/types\/post"}],"author":[{"embeddable":true,"href":"https:\/\/entretormentas.com\/index.php?rest_route=\/wp\/v2\/users\/2"}],"replies":[{"embeddable":true,"href":"https:\/\/entretormentas.com\/index.php?rest_route=%2Fwp%2Fv2%2Fcomments&post=3806"}],"version-history":[{"count":1,"href":"https:\/\/entretormentas.com\/index.php?rest_route=\/wp\/v2\/posts\/3806\/revisions"}],"predecessor-version":[{"id":3810,"href":"https:\/\/entretormentas.com\/index.php?rest_route=\/wp\/v2\/posts\/3806\/revisions\/3810"}],"wp:featuredmedia":[{"embeddable":true,"href":"https:\/\/entretormentas.com\/index.php?rest_route=\/wp\/v2\/media\/3809"}],"wp:attachment":[{"href":"https:\/\/entretormentas.com\/index.php?rest_route=%2Fwp%2Fv2%2Fmedia&parent=3806"}],"wp:term":[{"taxonomy":"category","embeddable":true,"href":"https:\/\/entretormentas.com\/index.php?rest_route=%2Fwp%2Fv2%2Fcategories&post=3806"},{"taxonomy":"post_tag","embeddable":true,"href":"https:\/\/entretormentas.com\/index.php?rest_route=%2Fwp%2Fv2%2Ftags&post=3806"}],"curies":[{"name":"wp","href":"https:\/\/api.w.org\/{rel}","templated":true}]}}