{"id":4162,"date":"2024-06-26T10:40:09","date_gmt":"2024-06-26T08:40:09","guid":{"rendered":"https:\/\/entretormentas.com\/?p=4162"},"modified":"2024-06-26T10:40:10","modified_gmt":"2024-06-26T08:40:10","slug":"reconocimientos-clezulia-celebra-el-dia-nacional-del-abogado-con-sesion-solemne","status":"publish","type":"post","link":"https:\/\/entretormentas.com\/reconocimientos-clezulia-celebra-el-dia-nacional-del-abogado-con-sesion-solemne\/","title":{"rendered":"\u00a1RECONOCIMIENTOS! Clezulia celebra el D\u00eda Nacional del Abogado con sesi\u00f3n solemne"},"content":{"rendered":"\n<p><strong>ENTRE TORMENTAS.<\/strong> Con motivo de conmemorarse el D\u00eda Nacional del Abogado, el Consejo Legislativo del estado Zulia (Clezulia), realiz\u00f3 este martes 25 de junio una sesi\u00f3n solemne, en la que se reconoci\u00f3 la invaluable labor de los profesionales del derecho para el desarrollo de nuestra sociedad.<\/p>\n\n\n\n<p>La presidente del parlamento, Iraida Josefina Villasmil, destac\u00f3 el trabajo fundamental de los abogados en la construcci\u00f3n de un sistema de justicia s\u00f3lido para Venezuela. Asimismo, reconoci\u00f3 el compromiso \u00e9tico y moral de estos profesionales en la defensa de los derechos ciudadanos.<\/p>\n\n\n\n<figure class=\"wp-block-image size-large\"><img fetchpriority=\"high\" decoding=\"async\" width=\"1024\" height=\"768\" src=\"https:\/\/entretormentas.com\/wp-content\/uploads\/2024\/06\/abogados3-1024x768.jpg\" alt=\"\" class=\"wp-image-4163\" srcset=\"https:\/\/entretormentas.com\/wp-content\/uploads\/2024\/06\/abogados3-1024x768.jpg 1024w, https:\/\/entretormentas.com\/wp-content\/uploads\/2024\/06\/abogados3-300x225.jpg 300w, https:\/\/entretormentas.com\/wp-content\/uploads\/2024\/06\/abogados3-768x576.jpg 768w, https:\/\/entretormentas.com\/wp-content\/uploads\/2024\/06\/abogados3.jpg 1280w\" sizes=\"(max-width: 1024px) 100vw, 1024px\" \/><\/figure>\n\n\n\n<p>\u00abNo pierdan nunca la paz, pues mucho m\u00e1s puede perderse con la guerra. Queridos colegas, Dios permita que nosotros podamos seguir construyendo la paz que requiere nuestra sociedad, nuestro pa\u00eds y nuestra profesi\u00f3n\u00bb, expres\u00f3 Villasmil.<\/p>\n\n\n\n<p>Por su parte, el orador de orden, el S\u00edndico Procurador de Maracaibo, V\u00edctor Velasco Prieto, recibi\u00f3 la Orden al M\u00e9rito Ciudadano por su \u00e9tica intachable, su compromiso con la defensa de la justicia y su contribuci\u00f3n al fortalecimiento del sistema legal.<\/p>\n\n\n\n<figure class=\"wp-block-image size-large\"><img decoding=\"async\" width=\"1024\" height=\"768\" src=\"https:\/\/entretormentas.com\/wp-content\/uploads\/2024\/06\/abogados2-1024x768.jpg\" alt=\"\" class=\"wp-image-4164\" srcset=\"https:\/\/entretormentas.com\/wp-content\/uploads\/2024\/06\/abogados2-1024x768.jpg 1024w, https:\/\/entretormentas.com\/wp-content\/uploads\/2024\/06\/abogados2-300x225.jpg 300w, https:\/\/entretormentas.com\/wp-content\/uploads\/2024\/06\/abogados2-768x576.jpg 768w, https:\/\/entretormentas.com\/wp-content\/uploads\/2024\/06\/abogados2.jpg 1280w\" sizes=\"(max-width: 1024px) 100vw, 1024px\" \/><\/figure>\n\n\n\n<p>\u00abHe querido hacer un discurso desbordado de ilusiones, pensamientos positivos, de optimismo, incluso me he aventurado a anticiparme a una nueva Venezuela que est\u00e1 por nacer y no lo he hecho por romanticismo, sino por pragmatismo (\u2026) No cambiaremos nuestro destino mientras estemos derrotados en nuestro pensamiento. Dejemos de quejarnos, pensemos en positivo y trabajemos juntos por una Venezuela libre y un Zulia luminoso por encima de las glorias del pasado\u00bb, resalt\u00f3 Velasco.<br><strong><em>GS \/ Prensa CLEZ<\/em><\/strong><\/p>\n","protected":false},"excerpt":{"rendered":"<p>ENTRE TORMENTAS. Con motivo de conmemorarse el D\u00eda Nacional del Abogado, el Consejo Legislativo del&#8230;<\/p>\n","protected":false},"author":2,"featured_media":4165,"comment_status":"closed","ping_status":"open","sticky":false,"template":"","format":"standard","meta":{"footnotes":""},"categories":[57,1],"tags":[],"class_list":["post-4162","post","type-post","status-publish","format-standard","has-post-thumbnail","hentry","category-actualidad","category-regionales"],"_links":{"self":[{"href":"https:\/\/entretormentas.com\/index.php?rest_route=\/wp\/v2\/posts\/4162","targetHints":{"allow":["GET"]}}],"collection":[{"href":"https:\/\/entretormentas.com\/index.php?rest_route=\/wp\/v2\/posts"}],"about":[{"href":"https:\/\/entretormentas.com\/index.php?rest_route=\/wp\/v2\/types\/post"}],"author":[{"embeddable":true,"href":"https:\/\/entretormentas.com\/index.php?rest_route=\/wp\/v2\/users\/2"}],"replies":[{"embeddable":true,"href":"https:\/\/entretormentas.com\/index.php?rest_route=%2Fwp%2Fv2%2Fcomments&post=4162"}],"version-history":[{"count":1,"href":"https:\/\/entretormentas.com\/index.php?rest_route=\/wp\/v2\/posts\/4162\/revisions"}],"predecessor-version":[{"id":4166,"href":"https:\/\/entretormentas.com\/index.php?rest_route=\/wp\/v2\/posts\/4162\/revisions\/4166"}],"wp:featuredmedia":[{"embeddable":true,"href":"https:\/\/entretormentas.com\/index.php?rest_route=\/wp\/v2\/media\/4165"}],"wp:attachment":[{"href":"https:\/\/entretormentas.com\/index.php?rest_route=%2Fwp%2Fv2%2Fmedia&parent=4162"}],"wp:term":[{"taxonomy":"category","embeddable":true,"href":"https:\/\/entretormentas.com\/index.php?rest_route=%2Fwp%2Fv2%2Fcategories&post=4162"},{"taxonomy":"post_tag","embeddable":true,"href":"https:\/\/entretormentas.com\/index.php?rest_route=%2Fwp%2Fv2%2Ftags&post=4162"}],"curies":[{"name":"wp","href":"https:\/\/api.w.org\/{rel}","templated":true}]}}