{"id":4269,"date":"2024-06-29T13:31:25","date_gmt":"2024-06-29T11:31:25","guid":{"rendered":"https:\/\/entretormentas.com\/?p=4269"},"modified":"2024-06-29T13:31:26","modified_gmt":"2024-06-29T11:31:26","slug":"rosales-en-reconocimiento-a-comunicadores-ser-periodista-es-tener-el-privilegio-de-cambiar-algo-todos-los-dias","status":"publish","type":"post","link":"https:\/\/entretormentas.com\/rosales-en-reconocimiento-a-comunicadores-ser-periodista-es-tener-el-privilegio-de-cambiar-algo-todos-los-dias\/","title":{"rendered":"ROSALES EN RECONOCIMIENTO A COMUNICADORES: \u201cSer periodista es tener el privilegio de cambiar algo todos los d\u00edas\u201d"},"content":{"rendered":"\n<p><strong>ENTRE TORMENTAS. <\/strong>El gobernador del estado Zulia, Manuel Rosales Guerrero, lider\u00f3 este viernes, 28 de junio, el acto de entrega del Premio Regional de Periodismo \u00abIgnacio de la Cruz\u00bb, edici\u00f3n 2024.<\/p>\n\n\n\n<p>Desde el Palacio de Gobierno, Rosales expres\u00f3 que \u00abesta es, una ocasi\u00f3n especial para reconocer la labor de aquellos que, d\u00eda a d\u00eda, se dedican a informar, investigar y comunicar la verdad a la sociedad\u00bb.<\/p>\n\n\n\n<p>Los comunicadores sociales que este a\u00f1o fueron reconocidos por el jurado calificador del Premio \u00abIgnacio de la Cruz\u00bb, edici\u00f3n 2024, son en Periodismo Impreso, Menci\u00f3n Institucional:Jos\u00e9 Mill\u00e1n; Periodismo Audiovisual,Menci\u00f3n Radio, Leandro Palmar; Periodismo Digital en la Menci\u00f3n Web, Graciela Portillo; Menci\u00f3n Streaming, Jhorman Cruz; Menci\u00f3n Podcast, Javier Bertel Sempr\u00fan; Menci\u00f3n Redes Sociales, Kenninson Molero.<\/p>\n\n\n\n<p>El gobernador manifest\u00f3 que el periodismo es una pieza fundamental en cualquier democracia, porque nos mantiene informados, nos hace reflexionar y nos permite ser ciudadanos cr\u00edticos y conscientes. \u00abLos periodistas son los ojos y o\u00eddos de la sociedad, aquellos que nos acercan la realidad, nos cuentan historias que, de otra forma, no conocer\u00edamos y nos invitan a reflexionar sobre el mundo que nos rodea\u00bb.<\/p>\n\n\n\n<p>Record\u00f3, en su discurso, una frase de las conclusiones del reciente encuentro de la Sociedad Interamericana de Prensa, en el cual se analizaron los riesgos y beneficios de la Inteligencia Artificial para el periodismo. \u201cM\u00e1s de la mitad de los contenidos de un buen peri\u00f3dico digital se pueden construir con Inteligencia Artificial. De acuerdo con esas conclusiones, hemos llegado a la era del periodismo \u00e1gil, fascinante y cautivador\u00bb.<br>&nbsp;<br>Dijo, adem\u00e1s, que estamos ante obligaciones imposibles de evadir, como la veracidad absoluta de la informaci\u00f3n.&nbsp;\u00abHoy es muy f\u00e1cil desmontar, en segundos, una calumnia o un contenido falso, porque la Inteligencia Artificial funge de juez absoluto, en tiempo real, gracias a las herramientas que pone en nuestras manos\u00bb.<\/p>\n\n\n\n<figure class=\"wp-block-image size-large\"><img fetchpriority=\"high\" decoding=\"async\" width=\"1024\" height=\"644\" src=\"https:\/\/entretormentas.com\/wp-content\/uploads\/2024\/06\/periorosa2-1024x644.jpg\" alt=\"\" class=\"wp-image-4270\" srcset=\"https:\/\/entretormentas.com\/wp-content\/uploads\/2024\/06\/periorosa2-1024x644.jpg 1024w, https:\/\/entretormentas.com\/wp-content\/uploads\/2024\/06\/periorosa2-300x189.jpg 300w, https:\/\/entretormentas.com\/wp-content\/uploads\/2024\/06\/periorosa2-768x483.jpg 768w, https:\/\/entretormentas.com\/wp-content\/uploads\/2024\/06\/periorosa2-540x340.jpg 540w, https:\/\/entretormentas.com\/wp-content\/uploads\/2024\/06\/periorosa2.jpg 1280w\" sizes=\"(max-width: 1024px) 100vw, 1024px\" \/><\/figure>\n\n\n\n<p>Felicit\u00f3 y reconoci\u00f3 la trayectoria de quienes se han destacado por un ejercicio profesional ejemplar. \u00abTambi\u00e9n quisimos rendir homenaje a quienes dejaron una huella digna de emular por las nuevas generaciones. A sus familiares, nuestro respeto de siempre\u00bb.<\/p>\n\n\n\n<p>Resalt\u00f3 el gobernador del Zulia: \u201choy quiero referirme a un aspecto crucial para el ejercicio del periodismo en este siglo. Y es que estamos a 30 d\u00edas de la Elecci\u00f3n Presidencial del 28 de julio. A\u00fan estamos a la espera de precisiones sobre la observaci\u00f3n internacional, pero nos complacen los pronunciamientos de los comunicadores sociales dispuestos a multiplicarse para informar en tiempo real el desarrollo del proceso\u00bb.<\/p>\n\n\n\n<p>Destac\u00f3 que algunos se atreven a definir el rol de los periodistas como observaci\u00f3n de primera linea, porque dar\u00e1n cobertura a los centros de votaci\u00f3n cercanos y lejanos como nunca ocurri\u00f3. \u00abEn todo caso, nuestra fe est\u00e1 puesta en que prevalezca la paz en esas horas y luego de los escrutinios. Lo que va a ocurrir dentro de 30 d\u00edas ser\u00e1 la mejor noticia del siglo XXI para el periodismo que anhela el respeto a la libertad de expresi\u00f3n y el reencuentro de los venezolanos\u00bb.<br>\u00a0<br>Para finalizar, Rosales expres\u00f3 sus felicitaciones. \u00abY recuerden siempre: Ser periodista es tener el privilegio de cambiar algo todos los d\u00edas\u201d.<br><strong><em>GS \/ Gobernaci\u00f3n del Zulia<\/em><\/strong><\/p>\n","protected":false},"excerpt":{"rendered":"<p>ENTRE TORMENTAS. El gobernador del estado Zulia, Manuel Rosales Guerrero, lider\u00f3 este viernes, 28 de&#8230;<\/p>\n","protected":false},"author":2,"featured_media":4271,"comment_status":"closed","ping_status":"open","sticky":false,"template":"","format":"standard","meta":{"footnotes":""},"categories":[57,1],"tags":[],"class_list":["post-4269","post","type-post","status-publish","format-standard","has-post-thumbnail","hentry","category-actualidad","category-regionales"],"_links":{"self":[{"href":"https:\/\/entretormentas.com\/index.php?rest_route=\/wp\/v2\/posts\/4269","targetHints":{"allow":["GET"]}}],"collection":[{"href":"https:\/\/entretormentas.com\/index.php?rest_route=\/wp\/v2\/posts"}],"about":[{"href":"https:\/\/entretormentas.com\/index.php?rest_route=\/wp\/v2\/types\/post"}],"author":[{"embeddable":true,"href":"https:\/\/entretormentas.com\/index.php?rest_route=\/wp\/v2\/users\/2"}],"replies":[{"embeddable":true,"href":"https:\/\/entretormentas.com\/index.php?rest_route=%2Fwp%2Fv2%2Fcomments&post=4269"}],"version-history":[{"count":1,"href":"https:\/\/entretormentas.com\/index.php?rest_route=\/wp\/v2\/posts\/4269\/revisions"}],"predecessor-version":[{"id":4272,"href":"https:\/\/entretormentas.com\/index.php?rest_route=\/wp\/v2\/posts\/4269\/revisions\/4272"}],"wp:featuredmedia":[{"embeddable":true,"href":"https:\/\/entretormentas.com\/index.php?rest_route=\/wp\/v2\/media\/4271"}],"wp:attachment":[{"href":"https:\/\/entretormentas.com\/index.php?rest_route=%2Fwp%2Fv2%2Fmedia&parent=4269"}],"wp:term":[{"taxonomy":"category","embeddable":true,"href":"https:\/\/entretormentas.com\/index.php?rest_route=%2Fwp%2Fv2%2Fcategories&post=4269"},{"taxonomy":"post_tag","embeddable":true,"href":"https:\/\/entretormentas.com\/index.php?rest_route=%2Fwp%2Fv2%2Ftags&post=4269"}],"curies":[{"name":"wp","href":"https:\/\/api.w.org\/{rel}","templated":true}]}}