{"id":4394,"date":"2024-07-02T18:44:47","date_gmt":"2024-07-02T16:44:47","guid":{"rendered":"https:\/\/entretormentas.com\/?p=4394"},"modified":"2024-07-02T18:44:49","modified_gmt":"2024-07-02T16:44:49","slug":"seguridad-vial-en-san-francisco-impulsan-el-plan-de-rehabilitacion-de-semaforos","status":"publish","type":"post","link":"https:\/\/entretormentas.com\/seguridad-vial-en-san-francisco-impulsan-el-plan-de-rehabilitacion-de-semaforos\/","title":{"rendered":"\u00a1SEGURIDAD VIAL! En San Francisco impulsan el Plan de Rehabilitaci\u00f3n de Sem\u00e1foros"},"content":{"rendered":"\n<p><strong>ENTRE TORMENTAS.<\/strong> El trabajo en San Francisco es indetenible. Simult\u00e1neamente, con la recuperaci\u00f3n vial y la limpieza del municipio, el alcalde Gustavo Fern\u00e1ndez implement\u00f3 el Plan de Rehabilitaci\u00f3n de Sem\u00e1foros, que se ejecutar\u00e1 en tres fases, cada una de ellas comprende la recuperaci\u00f3n de 10 sem\u00e1foros que permitir\u00e1n regular el flujo de veh\u00edculos y peatones en las principales arterias viales.<\/p>\n\n\n\n<figure class=\"wp-block-image size-large\"><img fetchpriority=\"high\" decoding=\"async\" width=\"1024\" height=\"657\" src=\"https:\/\/entretormentas.com\/wp-content\/uploads\/2024\/07\/mesaf2-1024x657.jpg\" alt=\"\" class=\"wp-image-4395\" srcset=\"https:\/\/entretormentas.com\/wp-content\/uploads\/2024\/07\/mesaf2-1024x657.jpg 1024w, https:\/\/entretormentas.com\/wp-content\/uploads\/2024\/07\/mesaf2-300x192.jpg 300w, https:\/\/entretormentas.com\/wp-content\/uploads\/2024\/07\/mesaf2-768x493.jpg 768w, https:\/\/entretormentas.com\/wp-content\/uploads\/2024\/07\/mesaf2-1115x715.jpg 1115w, https:\/\/entretormentas.com\/wp-content\/uploads\/2024\/07\/mesaf2.jpg 1280w\" sizes=\"(max-width: 1024px) 100vw, 1024px\" \/><\/figure>\n\n\n\n<p>Con un seguimiento permanente se tiene previsto que los trabajos culminen en tiempo r\u00e9cord. El anuncio lo hizo el mandatario local , desde la avenida 15 con calle 10 Uni\u00f3n, de la parroquia Francisco Ochoa, donde ratific\u00f3 su compromiso de trabajar por el orden y la seguridad vial en San Francisco.<\/p>\n\n\n\n<p>Este plan comprende tres fases que abarcan todos los sem\u00e1foros instalados en las distintas zonas de las siete parroquias, lo que garantizar\u00e1 la seguridad vial y la correcta circulaci\u00f3n de transe\u00fantes y conductores fomentando as\u00ed el respeto a las normas de tr\u00e1nsito y la importancia de ser prudentes a la hora de estar frente al volante.<\/p>\n\n\n\n<p>Fern\u00e1ndez M\u00e9ndez destac\u00f3 que adem\u00e1s de la rehabilitaci\u00f3n de estos dispositivos de control del tr\u00e1fico, dentro de este plan se tiene estipulado realizar el bacheo y la demarcaci\u00f3n en los puntos donde se amerite.<br><strong><em>GS \/ Alcald\u00eda de San Francisco<\/em><\/strong><\/p>\n","protected":false},"excerpt":{"rendered":"<p>ENTRE TORMENTAS. El trabajo en San Francisco es indetenible. Simult\u00e1neamente, con la recuperaci\u00f3n vial y&#8230;<\/p>\n","protected":false},"author":2,"featured_media":4396,"comment_status":"closed","ping_status":"open","sticky":false,"template":"","format":"standard","meta":{"footnotes":""},"categories":[57,1],"tags":[],"class_list":["post-4394","post","type-post","status-publish","format-standard","has-post-thumbnail","hentry","category-actualidad","category-regionales"],"_links":{"self":[{"href":"https:\/\/entretormentas.com\/index.php?rest_route=\/wp\/v2\/posts\/4394","targetHints":{"allow":["GET"]}}],"collection":[{"href":"https:\/\/entretormentas.com\/index.php?rest_route=\/wp\/v2\/posts"}],"about":[{"href":"https:\/\/entretormentas.com\/index.php?rest_route=\/wp\/v2\/types\/post"}],"author":[{"embeddable":true,"href":"https:\/\/entretormentas.com\/index.php?rest_route=\/wp\/v2\/users\/2"}],"replies":[{"embeddable":true,"href":"https:\/\/entretormentas.com\/index.php?rest_route=%2Fwp%2Fv2%2Fcomments&post=4394"}],"version-history":[{"count":1,"href":"https:\/\/entretormentas.com\/index.php?rest_route=\/wp\/v2\/posts\/4394\/revisions"}],"predecessor-version":[{"id":4397,"href":"https:\/\/entretormentas.com\/index.php?rest_route=\/wp\/v2\/posts\/4394\/revisions\/4397"}],"wp:featuredmedia":[{"embeddable":true,"href":"https:\/\/entretormentas.com\/index.php?rest_route=\/wp\/v2\/media\/4396"}],"wp:attachment":[{"href":"https:\/\/entretormentas.com\/index.php?rest_route=%2Fwp%2Fv2%2Fmedia&parent=4394"}],"wp:term":[{"taxonomy":"category","embeddable":true,"href":"https:\/\/entretormentas.com\/index.php?rest_route=%2Fwp%2Fv2%2Fcategories&post=4394"},{"taxonomy":"post_tag","embeddable":true,"href":"https:\/\/entretormentas.com\/index.php?rest_route=%2Fwp%2Fv2%2Ftags&post=4394"}],"curies":[{"name":"wp","href":"https:\/\/api.w.org\/{rel}","templated":true}]}}