{"id":4411,"date":"2024-07-02T19:04:04","date_gmt":"2024-07-02T17:04:04","guid":{"rendered":"https:\/\/entretormentas.com\/?p=4411"},"modified":"2024-07-02T19:04:05","modified_gmt":"2024-07-02T17:04:05","slug":"en-unidad-jefe-de-campana-en-la-region-afirma-que-el-zulia-esta-electoralmente-blindado","status":"publish","type":"post","link":"https:\/\/entretormentas.com\/en-unidad-jefe-de-campana-en-la-region-afirma-que-el-zulia-esta-electoralmente-blindado\/","title":{"rendered":"\u00a1EN UNIDAD! Jefe de campa\u00f1a en la regi\u00f3n afirma que el Zulia est\u00e1 electoralmente blindado"},"content":{"rendered":"\n<p><strong>ENTRE TORMENTAS. <\/strong>El Director de Campa\u00f1a Regional de Edmundo Gonz\u00e1lez, Gustavo Ruiz, asegur\u00f3 que en materia electoral el Zulia \u201cest\u00e1 blindado\u201d, tras cumplir la meta del 100 por ciento de los testigos encargados de defender el voto en las presidenciales del 28 de julio.<\/p>\n\n\n\n<p>En rueda de prensa y acompa\u00f1ado de todos los factores de la oposici\u00f3n democr\u00e1tica regional, vale acotar, Vente Venezuela, Primero Justicia, Zulia Humana, Voluntad Popular, Copei, Un Nuevo Tiempo, Alianza Bravo Pueblo, Convergencia, Bandera Roja, Acci\u00f3n Democr\u00e1tica, Democracia en Acci\u00f3n, Proyecto Venezuela, Convergencia, Venezuela Promete y Feinve entre otros; adem\u00e1s de representantes de las Iglesias Protestantes, gremios, Fetrazulia, y del movimiento estudiantil; el entrevistado anunci\u00f3 la visita al Zulia de la l\u00edder nacional Mar\u00eda Corina Machado y del candidato presidencial Edmundo Gonz\u00e1lez el pr\u00f3ximo 23 de julio.<\/p>\n\n\n\n<p>Ruiz indic\u00f3 que en el Zulia la votaci\u00f3n a favor de Edmundo Gonz\u00e1lez superar\u00e1 la barrera del mill\u00f3n. \u201cEstamos preparados para defender los votos y ganar (\u2026). Nuestra ruta es electoral y de all\u00ed no nos van a sacar\u201d, dijo.<br>Respecto al tema de los Comanditos y la Plataforma 600K resalt\u00f3 la organizaci\u00f3n ciudadana.<\/p>\n\n\n\n<p>Finalmente, Ruiz habl\u00f3 del \u00e1nimo de esa misma ciudadan\u00eda en salir a sufragar masivamente el pr\u00f3ximo 28 de julio; mes que calific\u00f3 ser\u00e1 del \u201crescate de la venezolanidad y la dignidad nacional bajo la conducci\u00f3n de Mar\u00eda Corina Machado y del pr\u00f3ximo Presidente Edmundo Gonz\u00e1lez Urrutia\u201d.<br><strong><em>GS \/ Nota de prensa<\/em><\/strong><\/p>\n","protected":false},"excerpt":{"rendered":"<p>ENTRE TORMENTAS. El Director de Campa\u00f1a Regional de Edmundo Gonz\u00e1lez, Gustavo Ruiz, asegur\u00f3 que en&#8230;<\/p>\n","protected":false},"author":2,"featured_media":4412,"comment_status":"closed","ping_status":"open","sticky":false,"template":"","format":"standard","meta":{"footnotes":""},"categories":[57,1],"tags":[],"class_list":["post-4411","post","type-post","status-publish","format-standard","has-post-thumbnail","hentry","category-actualidad","category-regionales"],"_links":{"self":[{"href":"https:\/\/entretormentas.com\/index.php?rest_route=\/wp\/v2\/posts\/4411","targetHints":{"allow":["GET"]}}],"collection":[{"href":"https:\/\/entretormentas.com\/index.php?rest_route=\/wp\/v2\/posts"}],"about":[{"href":"https:\/\/entretormentas.com\/index.php?rest_route=\/wp\/v2\/types\/post"}],"author":[{"embeddable":true,"href":"https:\/\/entretormentas.com\/index.php?rest_route=\/wp\/v2\/users\/2"}],"replies":[{"embeddable":true,"href":"https:\/\/entretormentas.com\/index.php?rest_route=%2Fwp%2Fv2%2Fcomments&post=4411"}],"version-history":[{"count":1,"href":"https:\/\/entretormentas.com\/index.php?rest_route=\/wp\/v2\/posts\/4411\/revisions"}],"predecessor-version":[{"id":4413,"href":"https:\/\/entretormentas.com\/index.php?rest_route=\/wp\/v2\/posts\/4411\/revisions\/4413"}],"wp:featuredmedia":[{"embeddable":true,"href":"https:\/\/entretormentas.com\/index.php?rest_route=\/wp\/v2\/media\/4412"}],"wp:attachment":[{"href":"https:\/\/entretormentas.com\/index.php?rest_route=%2Fwp%2Fv2%2Fmedia&parent=4411"}],"wp:term":[{"taxonomy":"category","embeddable":true,"href":"https:\/\/entretormentas.com\/index.php?rest_route=%2Fwp%2Fv2%2Fcategories&post=4411"},{"taxonomy":"post_tag","embeddable":true,"href":"https:\/\/entretormentas.com\/index.php?rest_route=%2Fwp%2Fv2%2Ftags&post=4411"}],"curies":[{"name":"wp","href":"https:\/\/api.w.org\/{rel}","templated":true}]}}