{"id":4426,"date":"2024-07-03T10:28:38","date_gmt":"2024-07-03T08:28:38","guid":{"rendered":"https:\/\/entretormentas.com\/?p=4426"},"modified":"2024-07-03T10:28:39","modified_gmt":"2024-07-03T08:28:39","slug":"san-francisco-limpio-recoleccion-de-desechos-casa-a-casa-llega-a-jose-domingo-rus","status":"publish","type":"post","link":"https:\/\/entretormentas.com\/san-francisco-limpio-recoleccion-de-desechos-casa-a-casa-llega-a-jose-domingo-rus\/","title":{"rendered":"\u00a1SAN FRANCISCO LIMPIO! Recolecci\u00f3n de desechos casa a casa llega a Jos\u00e9 Domingo Rus"},"content":{"rendered":"\n<p><strong>ENTRE TORMENTAS.<\/strong> El alcalde del municipio San Francisco, Gustavo Fern\u00e1ndez anunci\u00f3 la nueva ruta de recolecci\u00f3n de desechos s\u00f3lidos, casa a casa, que se emprendi\u00f3, desde la ma\u00f1ana de este martes, en la parroquia Jos\u00e9 Domingo Rus.<\/p>\n\n\n\n<p>La primera autoridad municipal, acompa\u00f1\u00f3 el recorrido del grupo de camiones que sali\u00f3 desde el patio de talleres con rumbo a la parroquia que re\u00fane varios emblem\u00e1ticos sectores como lo son El Sam\u00e1n, El Caujaro, El Soler, Fundabarrio y otros. Desde muy temprano, Fern\u00e1ndez M\u00e9ndez, visit\u00f3 a los comerciantes del corredor vial la 200 para entregarles un folleto para pegarlo en los comercios para que los vecinos conozcan la ruta.<\/p>\n\n\n\n<p>Desde este punto de partida destac\u00f3 que tal y como se comprometi\u00f3, junto a su gabinete de Gobierno, hoy se est\u00e1 dando la guerra contra los desechos s\u00f3lidos. \u201cHoy se est\u00e1 cumpliendo con una nueva jornada de saneamiento casa por casa. Juntos lo estamos logrando, no habr\u00e1 necesidad de desechar los desechos s\u00f3lidos en cualquier punto, s\u00f3lo deben sacarlos cuando escuchen el cornetazo\u201d, destac\u00f3 el l\u00edder municipal.<\/p>\n\n\n\n<p>Expres\u00f3 tambi\u00e9n que aunada a la recolecci\u00f3n casa a casa, tambi\u00e9n est\u00e1n los camiones destinados a mantener limpios los principales corredores viales del municipio, como es el de la 200. Asegur\u00f3 que se trabaja por un municipio limpio, pero esto es tarea de todos.<\/p>\n\n\n\n<figure class=\"wp-block-image size-large\"><img fetchpriority=\"high\" decoding=\"async\" width=\"682\" height=\"1024\" src=\"https:\/\/entretormentas.com\/wp-content\/uploads\/2024\/07\/recogesur2-682x1024.jpg\" alt=\"\" class=\"wp-image-4427\" srcset=\"https:\/\/entretormentas.com\/wp-content\/uploads\/2024\/07\/recogesur2-682x1024.jpg 682w, https:\/\/entretormentas.com\/wp-content\/uploads\/2024\/07\/recogesur2-200x300.jpg 200w, https:\/\/entretormentas.com\/wp-content\/uploads\/2024\/07\/recogesur2.jpg 719w\" sizes=\"(max-width: 682px) 100vw, 682px\" \/><\/figure>\n\n\n\n<p>Por otro lado, Ram\u00f3n Villalobos, de la urbanizaci\u00f3n El Caujaro, parroquia Jos\u00e9 Domingo Rus, coment\u00f3 que estos trabajos son importantes para mejorar el ambiente. \u201cYo le pagaba 20 d\u00f3lares mensuales a un vecino para que se llevara la basura. El desecho nos afecta a todos, por eso yo opino que debemos pagar un impuesto, como antes que pag\u00e1bamos en el recibo de la luz, el gas y el servicio de aseo para que este sea eficiente y se pueda sostener\u201d.<\/p>\n\n\n\n<p>Vecinos como Freddy Primera, habitante de la parroquia Domitila Flores, sector Carabobo expres\u00f3 \u201cMe parece muy bien el trabajo de recolecci\u00f3n, ten\u00eda mucho tiempo que no pasaba el aseo. Yo para resolver la problem\u00e1tica de mi hogar tiraba la basura cada quince d\u00edas en la v\u00eda de la Perij\u00e1. Si es constante el servicio del aseo estoy dispuesto a pagar un impuesto\u201d.<\/p>\n\n\n\n<p>El se\u00f1or Jos\u00e9 Luis Cabar\u00e9s, habitante de la parroquia Domitila Flores, explic\u00f3 que le parece bien que el aseo pase todas las semanas, ya que pagaba 5 a 7 d\u00f3lares para que le sacaran la basura. Expres\u00f3: \u201cSi queremos algo de calidad debemos pagar, yo apoyo al alcalde, en que es necesario cobrar el servicio\u201d.<\/p>\n\n\n\n<p>Vale destacar que tambi\u00e9n se le dio continuidad a las rutas ya establecidas en las parroquias San Francisco, Francisco Ochoa y Domitila Flores. La pr\u00f3xima semana, anunci\u00f3 el alcalde, las parroquias El Bajo, Marcial Hern\u00e1ndez y Los Cortijos contar\u00e1n con estas rutas de recolecci\u00f3n de desechos s\u00f3lidos domiciliario.<br><strong><em>GS \/ Alcald\u00eda de San Francisco<\/em><\/strong><\/p>\n","protected":false},"excerpt":{"rendered":"<p>ENTRE TORMENTAS. El alcalde del municipio San Francisco, Gustavo Fern\u00e1ndez anunci\u00f3 la nueva ruta de&#8230;<\/p>\n","protected":false},"author":2,"featured_media":4428,"comment_status":"closed","ping_status":"open","sticky":false,"template":"","format":"standard","meta":{"footnotes":""},"categories":[57,1],"tags":[],"class_list":["post-4426","post","type-post","status-publish","format-standard","has-post-thumbnail","hentry","category-actualidad","category-regionales"],"_links":{"self":[{"href":"https:\/\/entretormentas.com\/index.php?rest_route=\/wp\/v2\/posts\/4426","targetHints":{"allow":["GET"]}}],"collection":[{"href":"https:\/\/entretormentas.com\/index.php?rest_route=\/wp\/v2\/posts"}],"about":[{"href":"https:\/\/entretormentas.com\/index.php?rest_route=\/wp\/v2\/types\/post"}],"author":[{"embeddable":true,"href":"https:\/\/entretormentas.com\/index.php?rest_route=\/wp\/v2\/users\/2"}],"replies":[{"embeddable":true,"href":"https:\/\/entretormentas.com\/index.php?rest_route=%2Fwp%2Fv2%2Fcomments&post=4426"}],"version-history":[{"count":1,"href":"https:\/\/entretormentas.com\/index.php?rest_route=\/wp\/v2\/posts\/4426\/revisions"}],"predecessor-version":[{"id":4429,"href":"https:\/\/entretormentas.com\/index.php?rest_route=\/wp\/v2\/posts\/4426\/revisions\/4429"}],"wp:featuredmedia":[{"embeddable":true,"href":"https:\/\/entretormentas.com\/index.php?rest_route=\/wp\/v2\/media\/4428"}],"wp:attachment":[{"href":"https:\/\/entretormentas.com\/index.php?rest_route=%2Fwp%2Fv2%2Fmedia&parent=4426"}],"wp:term":[{"taxonomy":"category","embeddable":true,"href":"https:\/\/entretormentas.com\/index.php?rest_route=%2Fwp%2Fv2%2Fcategories&post=4426"},{"taxonomy":"post_tag","embeddable":true,"href":"https:\/\/entretormentas.com\/index.php?rest_route=%2Fwp%2Fv2%2Ftags&post=4426"}],"curies":[{"name":"wp","href":"https:\/\/api.w.org\/{rel}","templated":true}]}}