{"id":4430,"date":"2024-07-03T10:32:21","date_gmt":"2024-07-03T08:32:21","guid":{"rendered":"https:\/\/entretormentas.com\/?p=4430"},"modified":"2024-07-03T10:32:21","modified_gmt":"2024-07-03T08:32:21","slug":"impulso-a-la-produccion-regional-gobernador-rosales-presenta-el-sello-hecho-en-el-zulia","status":"publish","type":"post","link":"https:\/\/entretormentas.com\/impulso-a-la-produccion-regional-gobernador-rosales-presenta-el-sello-hecho-en-el-zulia\/","title":{"rendered":"\u00a1IMPULSO A LA PRODUCCI\u00d3N REGIONAL! Gobernador Rosales presenta el Sello \u201cHecho en el Zulia\u201d"},"content":{"rendered":"\n<p><strong>ENTRE TORMENTAS.<\/strong> El gobernador del estado, Manuel Rosales Guerrero, lider\u00f3 este martes, 2 de julio, el acto de presentaci\u00f3n del Sello \u201cHecho en el Zulia\u201d, iniciativa institucional que se origina para reconocer, distinguir y proyectar a las organizaciones empresariales que promueven, a trav\u00e9s de sus productos, los valores y costumbres que destacan a nuestra regi\u00f3n en el \u00e1mbito local, regional, nacional e internacional, exaltando la solidaridad como factor diferenciador y generador de ventajas competitivas.<\/p>\n\n\n\n<p>En su discurso de presentaci\u00f3n de \u201cHecho en el Zulia\u201d, el gobernador se refiri\u00f3 a los cambios vertiginosos que han redefinido por completo el panorama comercial. \u00abLa velocidad a la que se mueven las tendencias, la innovaci\u00f3n constante y la interconexi\u00f3n global son los pilares que caracterizan a nuestro entorno comercial\u00bb, destac\u00f3.<\/p>\n\n\n\n<p>Asegur\u00f3 que la clave del \u00e9xito radica en la capacidad de adaptaci\u00f3n, la innovaci\u00f3n constante, la utilizaci\u00f3n inteligente de la tecnolog\u00eda y el mantenimiento de valores s\u00f3lidos que inspiren confianza y lealtad en los consumidores. \u00abDesde el Zulia, como gente pujante y trabajadora, reconocida hist\u00f3ricamente por su riqueza geogr\u00e1fica, sus valores en lo social y cultural, su potencial productivo, esp\u00edritu pionero emprendedor y tierra de genialidades, hemos venido a decirle a Venezuela, y al mundo, que hoy ha nacido el Sello \u201cHecho en el Zulia\u201d, para proclamar, con orgullo, que somos una tierra de excelencia\u00bb.<br>&nbsp;<br>Resalt\u00f3 que ser\u00e1 un Sello de distinci\u00f3n para los mejores productos de la producci\u00f3n zuliana.\u00bbEse Sello simbolizar\u00e1 calidad y confiabilidad en los mercados. Pero no solo ser\u00e1 una marca de atributos de las mercanc\u00edas propias del comercio, sino tambi\u00e9n para el \u00e1rea de los servicios, porque, a la hora de la escogencia, el usuario siempre preferir\u00e1 a quienes ofrezcan garant\u00edas de altos est\u00e1ndares\u00bb.&nbsp;<br>&nbsp;<br>El gobernador Rosales Guerrero record\u00f3 que esta idea se desprendi\u00f3 de su plan maestro para la actual gesti\u00f3n de Gobierno: Zulia Productivo, as\u00ed como los hallazgos cient\u00edficos de la Universidad del Zulia. \u00abAunque ven\u00edamos de un proceso de destrucci\u00f3n, ten\u00edamos fe en que relanzar\u00edamos la industria, el sector agroalimentario y el comercio. Pens\u00e1bamos en el cacao, la miel, los camarones, el cangrejo azul, la palma aceitera, la ganader\u00eda, la agricultura, la inseminaci\u00f3n, la gastronom\u00eda, Los Olivitos, la zona del Catatumbo y su Rel\u00e1mpago, la metalmec\u00e1nica y los laboratorios farmac\u00e9uticos.&nbsp;Imagin\u00e1bamos mejores d\u00edas para la producci\u00f3n de cemento y los derivados del petr\u00f3leo, que tanto prestigio le han dado a la regi\u00f3n\u00bb.<\/p>\n\n\n\n<p>Manifest\u00f3 Rosales que, tambi\u00e9n, insiste en la Zona Franca, propuestas tejidas desde la Planicie de Maracaibo, con la Zona Industrial, el Puerto, Aeropuerto y nuestro majestuoso Lago. \u00abPues, aqu\u00ed estamos. Palabra cumplida, como dice la frase que ahora usan muchos venezolanos para definirnos luego de los acontecimientos pol\u00edticos que ya ustedes conocen\u00bb.<\/p>\n\n\n\n<figure class=\"wp-block-image size-large\"><img fetchpriority=\"high\" decoding=\"async\" width=\"1024\" height=\"682\" src=\"https:\/\/entretormentas.com\/wp-content\/uploads\/2024\/07\/sello2-1024x682.jpg\" alt=\"\" class=\"wp-image-4431\" srcset=\"https:\/\/entretormentas.com\/wp-content\/uploads\/2024\/07\/sello2-1024x682.jpg 1024w, https:\/\/entretormentas.com\/wp-content\/uploads\/2024\/07\/sello2-300x200.jpg 300w, https:\/\/entretormentas.com\/wp-content\/uploads\/2024\/07\/sello2-768x512.jpg 768w, https:\/\/entretormentas.com\/wp-content\/uploads\/2024\/07\/sello2-1536x1024.jpg 1536w, https:\/\/entretormentas.com\/wp-content\/uploads\/2024\/07\/sello2-2048x1365.jpg 2048w\" sizes=\"(max-width: 1024px) 100vw, 1024px\" \/><\/figure>\n\n\n\n<p>\u00a0<br><strong>VALOR AGREGADO<\/strong><br>Afirm\u00f3, adem\u00e1s, que el Sello \u201cHecho en el Zulia \u201dllega para proporcionar valor agregado, inspirar a las empresas, motivar a los trabajadores y promover el orgullo regionalista entre los consumidores. \u00abEn estos 25 a\u00f1os hemos visto c\u00f3mo penetran en el comercio zuliano productos importados de dudosa calidad que causan frustraciones y p\u00e9rdida de dinero en los hogares. Por eso, queremos impulsar a nuestros sectores productivos, para proclamar que lo mejor est\u00e1 aqu\u00ed y que no necesitamos importaciones. Es un Sello que trasciende lo com\u00fan, que representa la esencia y la calidad de los productos de nuestra querida regi\u00f3n. Este Sello no es solo una marca, es un emblema de orgullo, tradici\u00f3n y dedicaci\u00f3n\u00bb.<\/p>\n\n\n\n<p>Recalc\u00f3 que la competencia es el motor de la innovaci\u00f3n. \u00abCada vez que veamos este Sello en un producto, sabremos que estamos apoyando a nuestros productores locales, a nuestras comunidades y a nuestra econom\u00eda regional. Representa una oportunidad \u00fanica, para fortalecer nuestra econom\u00eda, impulsar el desarrollo y posicionar nuestra regi\u00f3n como un referente de calidad y excelencia para Venezuela y el mundo entero\u00bb.<\/p>\n\n\n\n<p>Agradeci\u00f3, adem\u00e1s, el apoyo brindado por el Fondo para la Normalizaci\u00f3n y la Certificaci\u00f3n de la Calidad (FONDONORMA) para hacer posible este Sello. \u00abSon 50 a\u00f1os de experiencia que les distingue, y nosotros valoramos con admiraci\u00f3n esa trayectoria. Sigamos apoyando y promoviendo nuestros productos locales, porque en cada Sello hay una historia, en cada producto hay un pedacito de nuestra regi\u00f3n\u00bb.<\/p>\n\n\n\n<p><strong>COMIT\u00c9 EVALUADOR<\/strong><br>El Comit\u00e9 Evaluador del Sello \u201cHecho en el Zulia\u201d estar\u00e1 conformando por Mar\u00eda Rivas como coordinadora y Damiana Villalobos como su suplente. A su vez, los dem\u00e1s miembros del Comit\u00e9 Evaluador ser\u00e1n Alex Balza, Enrique Ferrer, Alessandro Nanino, Dino Cafoncelli, On\u00e9simo Prado, Gomel Sierra, Fernando Torres, Mar\u00eda del Pilar Gonz\u00e1lez, Andreina Velasco, Gustavo Ojeda, Claudio Pizuorno, N\u00e9stor Pereira, Gladys Socorro, Jeannette \u00c1lvarez, Laura Gotera y Onella Ocando.<br><strong><em>GS \/ Gobernaci\u00f3n del Zulia<\/em><\/strong><\/p>\n","protected":false},"excerpt":{"rendered":"<p>ENTRE TORMENTAS. El gobernador del estado, Manuel Rosales Guerrero, lider\u00f3 este martes, 2 de julio,&#8230;<\/p>\n","protected":false},"author":2,"featured_media":4432,"comment_status":"closed","ping_status":"open","sticky":false,"template":"","format":"standard","meta":{"footnotes":""},"categories":[57,1],"tags":[],"class_list":["post-4430","post","type-post","status-publish","format-standard","has-post-thumbnail","hentry","category-actualidad","category-regionales"],"_links":{"self":[{"href":"https:\/\/entretormentas.com\/index.php?rest_route=\/wp\/v2\/posts\/4430","targetHints":{"allow":["GET"]}}],"collection":[{"href":"https:\/\/entretormentas.com\/index.php?rest_route=\/wp\/v2\/posts"}],"about":[{"href":"https:\/\/entretormentas.com\/index.php?rest_route=\/wp\/v2\/types\/post"}],"author":[{"embeddable":true,"href":"https:\/\/entretormentas.com\/index.php?rest_route=\/wp\/v2\/users\/2"}],"replies":[{"embeddable":true,"href":"https:\/\/entretormentas.com\/index.php?rest_route=%2Fwp%2Fv2%2Fcomments&post=4430"}],"version-history":[{"count":1,"href":"https:\/\/entretormentas.com\/index.php?rest_route=\/wp\/v2\/posts\/4430\/revisions"}],"predecessor-version":[{"id":4433,"href":"https:\/\/entretormentas.com\/index.php?rest_route=\/wp\/v2\/posts\/4430\/revisions\/4433"}],"wp:featuredmedia":[{"embeddable":true,"href":"https:\/\/entretormentas.com\/index.php?rest_route=\/wp\/v2\/media\/4432"}],"wp:attachment":[{"href":"https:\/\/entretormentas.com\/index.php?rest_route=%2Fwp%2Fv2%2Fmedia&parent=4430"}],"wp:term":[{"taxonomy":"category","embeddable":true,"href":"https:\/\/entretormentas.com\/index.php?rest_route=%2Fwp%2Fv2%2Fcategories&post=4430"},{"taxonomy":"post_tag","embeddable":true,"href":"https:\/\/entretormentas.com\/index.php?rest_route=%2Fwp%2Fv2%2Ftags&post=4430"}],"curies":[{"name":"wp","href":"https:\/\/api.w.org\/{rel}","templated":true}]}}