{"id":4445,"date":"2024-07-03T10:43:00","date_gmt":"2024-07-03T08:43:00","guid":{"rendered":"https:\/\/entretormentas.com\/?p=4445"},"modified":"2024-07-03T10:43:00","modified_gmt":"2024-07-03T08:43:00","slug":"se-retoma-el-dialogo-oposicion-activa-delegacion-negociadora-para-normalidad-en-el-proceso-electoral","status":"publish","type":"post","link":"https:\/\/entretormentas.com\/se-retoma-el-dialogo-oposicion-activa-delegacion-negociadora-para-normalidad-en-el-proceso-electoral\/","title":{"rendered":"\u00a1SE RETOMA EL DI\u00c1LOGO! Oposici\u00f3n activa delegaci\u00f3n negociadora para normalidad en el proceso electoral"},"content":{"rendered":"\n<p><strong>ENTRE TORMENTAS.<\/strong> La oposici\u00f3n venezolana anunci\u00f3 este martes que activar\u00e1 una delegaci\u00f3n negociadora para buscar \u201cmayor normalidad\u201d en el proceso electoral presidencial del pr\u00f3ximo 28 de julio.<\/p>\n\n\n\n<p>Omar Barboza, secretario ejecutivo de la Plataforma Unitaria Democr\u00e1tica, lider\u00f3 una conferencia de prensa para ofrecer un balance sobre el trabajo realizado de cara a la contienda electoral.<\/p>\n\n\n\n<p>\u00abHemos decidido activar la delegaci\u00f3n negociadora para que participe en lograr un ambiente de mayor normalidad posible en este proceso electoral\u201d, expres\u00f3 el secretario ejecutivo.<\/p>\n\n\n\n<p>\u201cYa est\u00e1 trabajando siempre, pero va a estar m\u00e1s activa a\u00fan para que se garantice y ayude a la normalidad institucional y de estas elecciones\u00bb.<\/p>\n\n\n\n<p>El anuncio de la activaci\u00f3n de la delegaci\u00f3n negociadora ocurre un d\u00eda despu\u00e9s de que el presidente Nicol\u00e1s Maduro adelantara que el mi\u00e9rcoles 3 de julio reiniciar\u00e1 el proceso de di\u00e1logo con el gobierno de Estados Unidos.<\/p>\n\n\n\n<p>\u00abLos que no cumplen acuerdos son ellos los del gobierno\u201d, expres\u00f3 Barboza al insistir en que la oposici\u00f3n es la primera que est\u00e1 interesada en que se reconozcan los resultados del 28 de julio porque no tiene duda de la victoria de su candidato Edmundo Gonz\u00e1lez Urrutia.<\/p>\n\n\n\n<p>El dirigente garantiz\u00f3 que las auditor\u00edas al sistema electoral han tenido resultados satisfactorios para los t\u00e9cnicos y que la conclusi\u00f3n principal es que el voto es secreto.<br><strong><em>GS \/ Agencias<\/em><\/strong><\/p>\n","protected":false},"excerpt":{"rendered":"<p>ENTRE TORMENTAS. La oposici\u00f3n venezolana anunci\u00f3 este martes que activar\u00e1 una delegaci\u00f3n negociadora para buscar&#8230;<\/p>\n","protected":false},"author":2,"featured_media":4446,"comment_status":"closed","ping_status":"open","sticky":false,"template":"","format":"standard","meta":{"footnotes":""},"categories":[56,49],"tags":[],"class_list":["post-4445","post","type-post","status-publish","format-standard","has-post-thumbnail","hentry","category-destacadas","category-nacionales"],"_links":{"self":[{"href":"https:\/\/entretormentas.com\/index.php?rest_route=\/wp\/v2\/posts\/4445","targetHints":{"allow":["GET"]}}],"collection":[{"href":"https:\/\/entretormentas.com\/index.php?rest_route=\/wp\/v2\/posts"}],"about":[{"href":"https:\/\/entretormentas.com\/index.php?rest_route=\/wp\/v2\/types\/post"}],"author":[{"embeddable":true,"href":"https:\/\/entretormentas.com\/index.php?rest_route=\/wp\/v2\/users\/2"}],"replies":[{"embeddable":true,"href":"https:\/\/entretormentas.com\/index.php?rest_route=%2Fwp%2Fv2%2Fcomments&post=4445"}],"version-history":[{"count":1,"href":"https:\/\/entretormentas.com\/index.php?rest_route=\/wp\/v2\/posts\/4445\/revisions"}],"predecessor-version":[{"id":4447,"href":"https:\/\/entretormentas.com\/index.php?rest_route=\/wp\/v2\/posts\/4445\/revisions\/4447"}],"wp:featuredmedia":[{"embeddable":true,"href":"https:\/\/entretormentas.com\/index.php?rest_route=\/wp\/v2\/media\/4446"}],"wp:attachment":[{"href":"https:\/\/entretormentas.com\/index.php?rest_route=%2Fwp%2Fv2%2Fmedia&parent=4445"}],"wp:term":[{"taxonomy":"category","embeddable":true,"href":"https:\/\/entretormentas.com\/index.php?rest_route=%2Fwp%2Fv2%2Fcategories&post=4445"},{"taxonomy":"post_tag","embeddable":true,"href":"https:\/\/entretormentas.com\/index.php?rest_route=%2Fwp%2Fv2%2Ftags&post=4445"}],"curies":[{"name":"wp","href":"https:\/\/api.w.org\/{rel}","templated":true}]}}