{"id":4476,"date":"2024-07-04T09:39:38","date_gmt":"2024-07-04T07:39:38","guid":{"rendered":"https:\/\/entretormentas.com\/?p=4476"},"modified":"2024-07-04T09:39:39","modified_gmt":"2024-07-04T07:39:39","slug":"rescate-a-la-salud-ejecutivo-regional-inaugura-area-odontologica-en-el-ambulatorio-la-rinconada","status":"publish","type":"post","link":"https:\/\/entretormentas.com\/rescate-a-la-salud-ejecutivo-regional-inaugura-area-odontologica-en-el-ambulatorio-la-rinconada\/","title":{"rendered":"\u00a1RESCATE A LA SALUD! Ejecutivo regional inaugura \u00e1rea odontol\u00f3gica en el Ambulatorio La Rinconada"},"content":{"rendered":"\n<p><strong>ENTRE TORMENTAS. <\/strong>La Gobernaci\u00f3n del Zulia, a trav\u00e9s de la Red Ambulatoria, inaugur\u00f3 una nueva \u00e1rea odontol\u00f3gica en el Centro Cl\u00ednico Ambulatorio La Rinconada, ubicada en el municipio Maracaibo.<\/p>\n\n\n\n<p>Durante la jornada de inauguraci\u00f3n el equipo m\u00e9dico comparti\u00f3 su alegr\u00eda y entusiasmo por contar con un espacio de primera calidad. Asimismo, miembros de la comunidad se mostraron agradecidos por la labor del gobernador del Zulia, Manuel Rosales Guerrero, ante la reestructuraci\u00f3n del establecimiento en favor de todos los zulianos.<\/p>\n\n\n\n<p>Para la optimizaci\u00f3n de dicho espacio se ingresaron nuevos equipos e insumos con la finalidad de brindar una atenci\u00f3n de primera a todos los miembros del sector.<\/p>\n\n\n\n<p>Por su parte, la directora de la Red Ambulatoria, Mar\u00eda Escotet, resalt\u00f3 que \u201cse hizo un trabajo de remodelaci\u00f3n, recuperaci\u00f3n y optimizaci\u00f3n del servicio odontol\u00f3gico para esta gran comunidad\u201d. En este sentido tambi\u00e9n garantiz\u00f3 que los resultados fueron \u201cpositivos\u201d.<\/p>\n\n\n\n<p>\u201cEl espacio qued\u00f3 como un Centro Cl\u00ednico de primera, mejor que el de una Cl\u00ednica. Ahora contamos con equipos de primera totalmente recuperados\u201d, asegur\u00f3 Escotet.<br><strong><em>GS \/ Gobernaci\u00f3n del Zulia<\/em><\/strong><\/p>\n","protected":false},"excerpt":{"rendered":"<p>ENTRE TORMENTAS. La Gobernaci\u00f3n del Zulia, a trav\u00e9s de la Red Ambulatoria, inaugur\u00f3 una nueva&#8230;<\/p>\n","protected":false},"author":2,"featured_media":4477,"comment_status":"closed","ping_status":"open","sticky":false,"template":"","format":"standard","meta":{"footnotes":""},"categories":[1],"tags":[],"class_list":["post-4476","post","type-post","status-publish","format-standard","has-post-thumbnail","hentry","category-regionales"],"_links":{"self":[{"href":"https:\/\/entretormentas.com\/index.php?rest_route=\/wp\/v2\/posts\/4476","targetHints":{"allow":["GET"]}}],"collection":[{"href":"https:\/\/entretormentas.com\/index.php?rest_route=\/wp\/v2\/posts"}],"about":[{"href":"https:\/\/entretormentas.com\/index.php?rest_route=\/wp\/v2\/types\/post"}],"author":[{"embeddable":true,"href":"https:\/\/entretormentas.com\/index.php?rest_route=\/wp\/v2\/users\/2"}],"replies":[{"embeddable":true,"href":"https:\/\/entretormentas.com\/index.php?rest_route=%2Fwp%2Fv2%2Fcomments&post=4476"}],"version-history":[{"count":1,"href":"https:\/\/entretormentas.com\/index.php?rest_route=\/wp\/v2\/posts\/4476\/revisions"}],"predecessor-version":[{"id":4478,"href":"https:\/\/entretormentas.com\/index.php?rest_route=\/wp\/v2\/posts\/4476\/revisions\/4478"}],"wp:featuredmedia":[{"embeddable":true,"href":"https:\/\/entretormentas.com\/index.php?rest_route=\/wp\/v2\/media\/4477"}],"wp:attachment":[{"href":"https:\/\/entretormentas.com\/index.php?rest_route=%2Fwp%2Fv2%2Fmedia&parent=4476"}],"wp:term":[{"taxonomy":"category","embeddable":true,"href":"https:\/\/entretormentas.com\/index.php?rest_route=%2Fwp%2Fv2%2Fcategories&post=4476"},{"taxonomy":"post_tag","embeddable":true,"href":"https:\/\/entretormentas.com\/index.php?rest_route=%2Fwp%2Fv2%2Ftags&post=4476"}],"curies":[{"name":"wp","href":"https:\/\/api.w.org\/{rel}","templated":true}]}}