{"id":4496,"date":"2024-07-04T09:58:27","date_gmt":"2024-07-04T07:58:27","guid":{"rendered":"https:\/\/entretormentas.com\/?p=4496"},"modified":"2024-07-04T09:58:28","modified_gmt":"2024-07-04T07:58:28","slug":"juego-limpio-alcaldia-de-san-francisco-disena-plan-de-reciclaje-para-un-municipio-sustentable","status":"publish","type":"post","link":"https:\/\/entretormentas.com\/juego-limpio-alcaldia-de-san-francisco-disena-plan-de-reciclaje-para-un-municipio-sustentable\/","title":{"rendered":"\u00a1JUEGO LIMPIO! Alcald\u00eda de San Francisco dise\u00f1a Plan de Reciclaje para un municipio sustentable"},"content":{"rendered":"\n<p><strong>ENTRE TORMENTAS. <\/strong>En aras de fortalecer la limpieza y el bienestar econ\u00f3mico de San Francisco, el alcalde Gustavo Fern\u00e1ndez, junto a los entes ambientales y comunidades, establecer\u00e1 un sistema de reciclaje que permitir\u00e1 aprovechar diferentes materiales, como el pl\u00e1stico, cart\u00f3n y vidrio, para lograr un municipio sustentable.<\/p>\n\n\n\n<p>Nelio Aguirre, director de reciclaje del ayuntamiento municipal, explic\u00f3 que gracias a este plan estrat\u00e9gico se disminuye el impacto ambiental y reducen los vol\u00famenes de desechos s\u00f3lidos que manejan los camiones recolectores. Aguirre se\u00f1al\u00f3 que a trav\u00e9s de la organizaci\u00f3n junto a las comunidades se lograr\u00e1 un San Francisco m\u00e1s limpio.<\/p>\n\n\n\n<figure class=\"wp-block-image size-large\"><img fetchpriority=\"high\" decoding=\"async\" width=\"1024\" height=\"682\" src=\"https:\/\/entretormentas.com\/wp-content\/uploads\/2024\/07\/juegolimpio2-1024x682.jpg\" alt=\"\" class=\"wp-image-4497\" srcset=\"https:\/\/entretormentas.com\/wp-content\/uploads\/2024\/07\/juegolimpio2-1024x682.jpg 1024w, https:\/\/entretormentas.com\/wp-content\/uploads\/2024\/07\/juegolimpio2-300x200.jpg 300w, https:\/\/entretormentas.com\/wp-content\/uploads\/2024\/07\/juegolimpio2-768x512.jpg 768w, https:\/\/entretormentas.com\/wp-content\/uploads\/2024\/07\/juegolimpio2.jpg 1280w\" sizes=\"(max-width: 1024px) 100vw, 1024px\" \/><\/figure>\n\n\n\n<p>En el encuentro, suscitado en el sal\u00f3n de reuniones de la Alcald\u00eda de San Francisco, estuvo presente Carlos Calles, presidente del Instituto P\u00fablico Municipal de Aseo Urbano (Imasur), Jos\u00e9 Flores, director de Educaci\u00f3n Ambiental, Nelio Aguirre, director de Reciclaje y Milagros Montiel, directora de la Secretar\u00eda Municipal de San Francisco. Tambi\u00e9n los concejales Ronald Prieto, Jos\u00e9 Javier Mart\u00ednez y Hendrik Chourio junto a los asesores Kendrina Torres y Jaime Montilla.<\/p>\n\n\n\n<p>En este plan estrat\u00e9gico se explicar\u00e1 la manera correcta para realizar la clasificaci\u00f3n de desechos s\u00f3lidos en los hogares de las siete parroquias, con el fin de minimizar el impacto ambiental de la contaminaci\u00f3n. El correcto cumplimiento del reciclaje derivar\u00e1 en una econom\u00eda circular para el municipio, otorg\u00e1ndole un valor agregado a los desechos s\u00f3lidos reutilizables.<\/p>\n\n\n\n<p>El alcalde Fern\u00e1ndez resalt\u00f3 que pr\u00f3ximamente se dar\u00e1 a conocer a la colectividad m\u00e1s detalles sobre este Plan de Reciclaje. Fern\u00e1ndez manifest\u00f3 que la participaci\u00f3n de las instituciones educativas, familias, entes ambientales y la ciudadan\u00eda en general ser\u00e1n claves para el \u00e9xito de esta iniciativa sustentable.<br><strong><em>GS \/ Alcald\u00eda de San Francisco<\/em><\/strong><\/p>\n","protected":false},"excerpt":{"rendered":"<p>ENTRE TORMENTAS. En aras de fortalecer la limpieza y el bienestar econ\u00f3mico de San Francisco,&#8230;<\/p>\n","protected":false},"author":2,"featured_media":4498,"comment_status":"closed","ping_status":"open","sticky":false,"template":"","format":"standard","meta":{"footnotes":""},"categories":[1],"tags":[],"class_list":["post-4496","post","type-post","status-publish","format-standard","has-post-thumbnail","hentry","category-regionales"],"_links":{"self":[{"href":"https:\/\/entretormentas.com\/index.php?rest_route=\/wp\/v2\/posts\/4496","targetHints":{"allow":["GET"]}}],"collection":[{"href":"https:\/\/entretormentas.com\/index.php?rest_route=\/wp\/v2\/posts"}],"about":[{"href":"https:\/\/entretormentas.com\/index.php?rest_route=\/wp\/v2\/types\/post"}],"author":[{"embeddable":true,"href":"https:\/\/entretormentas.com\/index.php?rest_route=\/wp\/v2\/users\/2"}],"replies":[{"embeddable":true,"href":"https:\/\/entretormentas.com\/index.php?rest_route=%2Fwp%2Fv2%2Fcomments&post=4496"}],"version-history":[{"count":1,"href":"https:\/\/entretormentas.com\/index.php?rest_route=\/wp\/v2\/posts\/4496\/revisions"}],"predecessor-version":[{"id":4499,"href":"https:\/\/entretormentas.com\/index.php?rest_route=\/wp\/v2\/posts\/4496\/revisions\/4499"}],"wp:featuredmedia":[{"embeddable":true,"href":"https:\/\/entretormentas.com\/index.php?rest_route=\/wp\/v2\/media\/4498"}],"wp:attachment":[{"href":"https:\/\/entretormentas.com\/index.php?rest_route=%2Fwp%2Fv2%2Fmedia&parent=4496"}],"wp:term":[{"taxonomy":"category","embeddable":true,"href":"https:\/\/entretormentas.com\/index.php?rest_route=%2Fwp%2Fv2%2Fcategories&post=4496"},{"taxonomy":"post_tag","embeddable":true,"href":"https:\/\/entretormentas.com\/index.php?rest_route=%2Fwp%2Fv2%2Ftags&post=4496"}],"curies":[{"name":"wp","href":"https:\/\/api.w.org\/{rel}","templated":true}]}}