{"id":4500,"date":"2024-07-04T10:02:58","date_gmt":"2024-07-04T08:02:58","guid":{"rendered":"https:\/\/entretormentas.com\/?p=4500"},"modified":"2024-07-04T10:02:59","modified_gmt":"2024-07-04T08:02:59","slug":"mano-firme-alcaldia-de-san-francisco-sanciona-a-quienes-botan-basura-en-la-via-publica-y-en-canadas","status":"publish","type":"post","link":"https:\/\/entretormentas.com\/mano-firme-alcaldia-de-san-francisco-sanciona-a-quienes-botan-basura-en-la-via-publica-y-en-canadas\/","title":{"rendered":"\u00a1MANO FIRME\u00a1 Alcald\u00eda de San Francisco sanciona a quienes botan basura en la v\u00eda p\u00fablica y en ca\u00f1adas"},"content":{"rendered":"\n<p><strong>ENTRE TORMENTAS. <\/strong>La Alcald\u00eda de San Francisco est\u00e1 tomando medidas firmes para mantener la limpieza y el orden en el municipio a trav\u00e9s de la campa\u00f1a \u00abSan Francisco Limpio y Responsable\u00bb para lo cual se han establecido sanciones a ciudadanos que no cumplan con las normas a trav\u00e9s de la retenci\u00f3n de sus veh\u00edculos y respectivas cargas de basura.<\/p>\n\n\n\n<p>Esto con el objetivo de concienciar a propios y for\u00e1neos sobre su responsabilidad en el cuidado del entorno y el medio ambiente.<\/p>\n\n\n\n<figure class=\"wp-block-image size-large\"><img fetchpriority=\"high\" decoding=\"async\" width=\"1024\" height=\"682\" src=\"https:\/\/entretormentas.com\/wp-content\/uploads\/2024\/07\/sancion2-1024x682.jpg\" alt=\"\" class=\"wp-image-4501\" srcset=\"https:\/\/entretormentas.com\/wp-content\/uploads\/2024\/07\/sancion2-1024x682.jpg 1024w, https:\/\/entretormentas.com\/wp-content\/uploads\/2024\/07\/sancion2-300x200.jpg 300w, https:\/\/entretormentas.com\/wp-content\/uploads\/2024\/07\/sancion2-768x512.jpg 768w, https:\/\/entretormentas.com\/wp-content\/uploads\/2024\/07\/sancion2-1536x1024.jpg 1536w, https:\/\/entretormentas.com\/wp-content\/uploads\/2024\/07\/sancion2-2048x1365.jpg 2048w\" sizes=\"(max-width: 1024px) 100vw, 1024px\" \/><\/figure>\n\n\n\n<p>El alcalde, Gustavo Fern\u00e1ndez, destac\u00f3 que reportar comportamientos irresponsables a las autoridades municipales es fundamental para mantener la armon\u00eda y el bienestar de los sanfranciscanos, involucr\u00e1ndose en esta tarea colectiva para el saneamiento de la ciudad.<\/p>\n\n\n\n<p>Recientemente, varios veh\u00edculos fueron retenidos por arrojar desechos en la v\u00eda p\u00fablica y en las ca\u00f1adas, lo cual perjudica la convivencia y seguridad de todos \u00abquienes incurran en estas irregularidades enfrentar\u00e1n consecuencias, ya que actualmente se dispone de camiones compactadores para la recolecci\u00f3n domiciliaria de desechos s\u00f3lidos a trav\u00e9s de un cronograma que estipula el d\u00eda, la hora y el sector que recibir\u00e1 este servicio\u00bb, enfatiz\u00f3 el jefe del ejecutivo municipal.<\/p>\n\n\n\n<figure class=\"wp-block-image size-large\"><img decoding=\"async\" width=\"1024\" height=\"682\" src=\"https:\/\/entretormentas.com\/wp-content\/uploads\/2024\/07\/sancion3-1024x682.jpg\" alt=\"\" class=\"wp-image-4502\" srcset=\"https:\/\/entretormentas.com\/wp-content\/uploads\/2024\/07\/sancion3-1024x682.jpg 1024w, https:\/\/entretormentas.com\/wp-content\/uploads\/2024\/07\/sancion3-300x200.jpg 300w, https:\/\/entretormentas.com\/wp-content\/uploads\/2024\/07\/sancion3-768x512.jpg 768w, https:\/\/entretormentas.com\/wp-content\/uploads\/2024\/07\/sancion3-1536x1024.jpg 1536w, https:\/\/entretormentas.com\/wp-content\/uploads\/2024\/07\/sancion3-2048x1365.jpg 2048w\" sizes=\"(max-width: 1024px) 100vw, 1024px\" \/><\/figure>\n\n\n\n<p>Por su parte, Donell Ocando, Primer Comisario de Polisur y encargado de este operativo especial, resalt\u00f3 que la limpieza de San Francisco debe ser una responsabilidad compartida. \u00abEl Alcalde Gustavo Fern\u00e1ndez est\u00e1 comprometido en garantizar un municipio limpio y saludable, pero necesitamos la colaboraci\u00f3n de la sociedad civil para lograrlo\u00bb, apunt\u00f3.<\/p>\n\n\n\n<p>Exhort\u00f3 tambi\u00e9n a las personas a que boten los desechos forestales (ramas y troncos) en la sede del Instituto Municipal de Ambiente y Aseo Urbano (Imasur) ubicada al lado de la Escuela de Polic\u00eda, en la calle 171, donde existe un punto verde para hacer la disposici\u00f3n final de este tipo de desechos.<br><strong><em>GS \/ Alcald\u00eda de San Francisco<\/em><\/strong><\/p>\n","protected":false},"excerpt":{"rendered":"<p>ENTRE TORMENTAS. La Alcald\u00eda de San Francisco est\u00e1 tomando medidas firmes para mantener la limpieza&#8230;<\/p>\n","protected":false},"author":2,"featured_media":4503,"comment_status":"closed","ping_status":"open","sticky":false,"template":"","format":"standard","meta":{"footnotes":""},"categories":[57,1],"tags":[],"class_list":["post-4500","post","type-post","status-publish","format-standard","has-post-thumbnail","hentry","category-actualidad","category-regionales"],"_links":{"self":[{"href":"https:\/\/entretormentas.com\/index.php?rest_route=\/wp\/v2\/posts\/4500","targetHints":{"allow":["GET"]}}],"collection":[{"href":"https:\/\/entretormentas.com\/index.php?rest_route=\/wp\/v2\/posts"}],"about":[{"href":"https:\/\/entretormentas.com\/index.php?rest_route=\/wp\/v2\/types\/post"}],"author":[{"embeddable":true,"href":"https:\/\/entretormentas.com\/index.php?rest_route=\/wp\/v2\/users\/2"}],"replies":[{"embeddable":true,"href":"https:\/\/entretormentas.com\/index.php?rest_route=%2Fwp%2Fv2%2Fcomments&post=4500"}],"version-history":[{"count":1,"href":"https:\/\/entretormentas.com\/index.php?rest_route=\/wp\/v2\/posts\/4500\/revisions"}],"predecessor-version":[{"id":4504,"href":"https:\/\/entretormentas.com\/index.php?rest_route=\/wp\/v2\/posts\/4500\/revisions\/4504"}],"wp:featuredmedia":[{"embeddable":true,"href":"https:\/\/entretormentas.com\/index.php?rest_route=\/wp\/v2\/media\/4503"}],"wp:attachment":[{"href":"https:\/\/entretormentas.com\/index.php?rest_route=%2Fwp%2Fv2%2Fmedia&parent=4500"}],"wp:term":[{"taxonomy":"category","embeddable":true,"href":"https:\/\/entretormentas.com\/index.php?rest_route=%2Fwp%2Fv2%2Fcategories&post=4500"},{"taxonomy":"post_tag","embeddable":true,"href":"https:\/\/entretormentas.com\/index.php?rest_route=%2Fwp%2Fv2%2Ftags&post=4500"}],"curies":[{"name":"wp","href":"https:\/\/api.w.org\/{rel}","templated":true}]}}