{"id":4505,"date":"2024-07-04T10:07:39","date_gmt":"2024-07-04T08:07:39","guid":{"rendered":"https:\/\/entretormentas.com\/?p=4505"},"modified":"2024-07-04T10:07:40","modified_gmt":"2024-07-04T08:07:40","slug":"entre-enero-y-mayo-mas-de-47-mil-personas-atendidas-en-salud-por-la-alcaldia-de-maracaibo","status":"publish","type":"post","link":"https:\/\/entretormentas.com\/entre-enero-y-mayo-mas-de-47-mil-personas-atendidas-en-salud-por-la-alcaldia-de-maracaibo\/","title":{"rendered":"\u00a1ENTRE ENERO Y MAYO! M\u00e1s de 47 mil personas atendidas en salud por la Alcald\u00eda de Maracaibo"},"content":{"rendered":"\n<p><strong>ENTRE TORMENTAS.<\/strong> La atenci\u00f3n m\u00e9dica integral y gratuita es prioridad para la Alcald\u00eda de Maracaibo que a trav\u00e9s de del Servicio Aut\u00f3nomo Sistema Municipal de Salud (SAMAS) ofrece una red de ambulatorios y centros de asistencia m\u00e9dica primaria y de diagn\u00f3stico que en los primeros cinco meses del a\u00f1o atendieron a m\u00e1s de 47 mil personas.<\/p>\n\n\n\n<p>As\u00ed lo inform\u00f3 Karin Sempr\u00fan, directora de SAMAS, al tiempo que aprovech\u00f3 en reiterar que est\u00e1n ajustados a los lineamientos y pol\u00edticas de salud gratuita con el prop\u00f3sito de mejor la calidad de vida de la poblaci\u00f3n con la medicina preventiva.<\/p>\n\n\n\n<figure class=\"wp-block-image size-large\"><img fetchpriority=\"high\" decoding=\"async\" width=\"1024\" height=\"576\" src=\"https:\/\/entretormentas.com\/wp-content\/uploads\/2024\/07\/saludmara2-1024x576.jpg\" alt=\"\" class=\"wp-image-4506\" srcset=\"https:\/\/entretormentas.com\/wp-content\/uploads\/2024\/07\/saludmara2-1024x576.jpg 1024w, https:\/\/entretormentas.com\/wp-content\/uploads\/2024\/07\/saludmara2-300x169.jpg 300w, https:\/\/entretormentas.com\/wp-content\/uploads\/2024\/07\/saludmara2-768x432.jpg 768w, https:\/\/entretormentas.com\/wp-content\/uploads\/2024\/07\/saludmara2.jpg 1280w\" sizes=\"(max-width: 1024px) 100vw, 1024px\" \/><\/figure>\n\n\n\n<p>Sempr\u00fan detall\u00f3 que unas nueve mil 400 personas asistieron a la red de salud de la Alcald\u00eda en los primeros cinco meses del a\u00f1o, cumpliendo con la modalidad de previa cita y emergencias.<\/p>\n\n\n\n<p>Precis\u00f3 que la poblaci\u00f3n atendida se distribuy\u00f3 en funci\u00f3n a los diversos programas que ofrece el ayuntamiento de la siguiente manera:<\/p>\n\n\n\n<ul class=\"wp-block-list\">\n<li>Programa de Atenci\u00f3n M\u00e9dica Integral (consultas generales y especializadas): 14 mil 916 personas.<\/li>\n\n\n\n<li>Programa Ampliado de Inmunizaci\u00f3n: Seis mil 688 personas.<\/li>\n\n\n\n<li>Programa de Gesti\u00f3n Social (casos sociales atendidos): 762 personas.<\/li>\n\n\n\n<li>Otros servicios (psicopedagog\u00eda, odontolog\u00eda, trabajo social, nutrici\u00f3n): Siete mil 388 personas.<\/li>\n\n\n\n<li>Atenci\u00f3n por enfermer\u00eda para garantizar el servicio de atenci\u00f3n m\u00e9dica integral: 10 mil 997 personas.<\/li>\n\n\n\n<li>Programa de Enfermedades Cardiometab\u00f3licas: Mil 614 personas.<\/li>\n\n\n\n<li>Programa de Salud Mental: 869 personas.<\/li>\n\n\n\n<li>Programa de Atenci\u00f3n al Ciudadano SAMAS: Cuatro mil 239 personas.<\/li>\n\n\n\n<li>Programa de Estudios Diagn\u00f3sticos Ecograf\u00edas: 358 personas.<\/li>\n<\/ul>\n\n\n\n<p>En total, la poblaci\u00f3n beneficiada en la red de ambulatorios fue de 47 mil 831.<\/p>\n\n\n\n<p>Estos centros manejan las modalidades de atenci\u00f3n por previa cita o emergencia, adem\u00e1s de ofrecer \u00e1reas de especializaci\u00f3n m\u00e9dica en las \u00e1reas de ginecolog\u00eda, cardiolog\u00eda, psicolog\u00eda, psiquiatr\u00eda y nutrici\u00f3n e inmunizaci\u00f3n.<\/p>\n\n\n\n<figure class=\"wp-block-image size-large\"><img decoding=\"async\" width=\"1024\" height=\"576\" src=\"https:\/\/entretormentas.com\/wp-content\/uploads\/2024\/07\/saludmara3-1024x576.jpg\" alt=\"\" class=\"wp-image-4507\" srcset=\"https:\/\/entretormentas.com\/wp-content\/uploads\/2024\/07\/saludmara3-1024x576.jpg 1024w, https:\/\/entretormentas.com\/wp-content\/uploads\/2024\/07\/saludmara3-300x169.jpg 300w, https:\/\/entretormentas.com\/wp-content\/uploads\/2024\/07\/saludmara3-768x432.jpg 768w, https:\/\/entretormentas.com\/wp-content\/uploads\/2024\/07\/saludmara3.jpg 1280w\" sizes=\"(max-width: 1024px) 100vw, 1024px\" \/><\/figure>\n\n\n\n<p>Johana Llorente, paciente del ambulatorio Amalwin, acot\u00f3 que la atenci\u00f3n m\u00e9dica le pareci\u00f3 excelente y satisfactoria, pues, el tratamiento que recibi\u00f3 por emergencia le dej\u00f3 resultados positivos.<\/p>\n\n\n\n<p>La Directora del SAMAS recalc\u00f3 que la red ambulatoria est\u00e1 ideada para hacer de Maracaibo un municipio fortalecido en la medicina preventiva.<\/p>\n\n\n\n<p>Son cinco los ambulatorios que integran la red, ubicados en puntos estrat\u00e9gicos de la ciudad para facilitar el acceso.<\/p>\n\n\n\n<p>El ambulatorio Amalwin est\u00e1 ubicado en la parroquia Luis Hurtado Higuera entrando por Mercamara; el ambulatorio Maracaibo Oeste opera en la antigua sede de Polimaracaibo en la parroquia Francisco Eugenio Bustamante; el ambulatorio Maracaibo Norte que est\u00e1 ubicado a las afueras de Plaza para Todos, parroquia Idelfonso V\u00e1squez; el ambulatorio Vereda del Lago que est\u00e1 al lado del destacamento policial, en la parroquia Santa Luc\u00eda y, finalmente, el ambulatorio Terminal de Pasajeros, ubicado dentro de la sede de la estaci\u00f3n de viajes, parroquia Cristo de Aranza.<br><strong><em>GS \/ DCI Alcald\u00eda de Maracaibo<\/em><\/strong><\/p>\n","protected":false},"excerpt":{"rendered":"<p>ENTRE TORMENTAS. La atenci\u00f3n m\u00e9dica integral y gratuita es prioridad para la Alcald\u00eda de Maracaibo&#8230;<\/p>\n","protected":false},"author":2,"featured_media":4508,"comment_status":"closed","ping_status":"open","sticky":false,"template":"","format":"standard","meta":{"footnotes":""},"categories":[57,1],"tags":[],"class_list":["post-4505","post","type-post","status-publish","format-standard","has-post-thumbnail","hentry","category-actualidad","category-regionales"],"_links":{"self":[{"href":"https:\/\/entretormentas.com\/index.php?rest_route=\/wp\/v2\/posts\/4505","targetHints":{"allow":["GET"]}}],"collection":[{"href":"https:\/\/entretormentas.com\/index.php?rest_route=\/wp\/v2\/posts"}],"about":[{"href":"https:\/\/entretormentas.com\/index.php?rest_route=\/wp\/v2\/types\/post"}],"author":[{"embeddable":true,"href":"https:\/\/entretormentas.com\/index.php?rest_route=\/wp\/v2\/users\/2"}],"replies":[{"embeddable":true,"href":"https:\/\/entretormentas.com\/index.php?rest_route=%2Fwp%2Fv2%2Fcomments&post=4505"}],"version-history":[{"count":1,"href":"https:\/\/entretormentas.com\/index.php?rest_route=\/wp\/v2\/posts\/4505\/revisions"}],"predecessor-version":[{"id":4509,"href":"https:\/\/entretormentas.com\/index.php?rest_route=\/wp\/v2\/posts\/4505\/revisions\/4509"}],"wp:featuredmedia":[{"embeddable":true,"href":"https:\/\/entretormentas.com\/index.php?rest_route=\/wp\/v2\/media\/4508"}],"wp:attachment":[{"href":"https:\/\/entretormentas.com\/index.php?rest_route=%2Fwp%2Fv2%2Fmedia&parent=4505"}],"wp:term":[{"taxonomy":"category","embeddable":true,"href":"https:\/\/entretormentas.com\/index.php?rest_route=%2Fwp%2Fv2%2Fcategories&post=4505"},{"taxonomy":"post_tag","embeddable":true,"href":"https:\/\/entretormentas.com\/index.php?rest_route=%2Fwp%2Fv2%2Ftags&post=4505"}],"curies":[{"name":"wp","href":"https:\/\/api.w.org\/{rel}","templated":true}]}}