{"id":4546,"date":"2024-07-05T16:05:32","date_gmt":"2024-07-05T14:05:32","guid":{"rendered":"https:\/\/entretormentas.com\/?p=4546"},"modified":"2024-07-05T16:05:33","modified_gmt":"2024-07-05T14:05:33","slug":"trabajo-constante-alcaldia-de-san-francisco-continua-labor-de-mantener-al-municipio-limpio-y-ordenado","status":"publish","type":"post","link":"https:\/\/entretormentas.com\/trabajo-constante-alcaldia-de-san-francisco-continua-labor-de-mantener-al-municipio-limpio-y-ordenado\/","title":{"rendered":"\u00a1TRABAJO CONSTANTE! Alcald\u00eda de San Francisco contin\u00faa labor de mantener al municipio limpio y ordenado"},"content":{"rendered":"\n<p><strong>ENTRE TORMENTAS.<\/strong> El alcalde del municipio San Francisco, Gustavo Fern\u00e1ndez, realiz\u00f3 un recorrido por varios puntos del municipio para corroborar que los espacios se mantengan saneados. Tal es el caso de la esquina conocida como Matusa, cerca de los edificios de Ciudad del Sol, que se mantiene limpia y con presencia de Seguridad Ciudadana las 24 horas del d\u00eda.<\/p>\n\n\n\n<p>\u201cEs responsabilidad de todos mantener cada rinc\u00f3n de San Francisco limpio y ordenado\u201d, detall\u00f3 la primera autoridad municipal al referirse que el pasado domingo este punto estaba colmado de desechos s\u00f3lidos, por parte de ciudadanos irresponsables que se dieron la tarea de ensuciar, nuevamente, lo que un equipo multidisciplinario hab\u00eda saneado por completo unas horas previas.<\/p>\n\n\n\n<p>\u201cJuntos lo estamos logrando, ten\u00edamos meses que no pod\u00edamos apreciar este espacio as\u00ed de limpio. Ya no hay necesidad de verter basura a la calle, ya hay recolecci\u00f3n casa a casa, merecemos una ciudad limpia y quien no lo entienda tendr\u00e1 que pagar a trav\u00e9s de las sanciones\u201d, apunt\u00f3 Fern\u00e1ndez M\u00e9ndez.<\/p>\n\n\n\n<figure class=\"wp-block-image size-large\"><img fetchpriority=\"high\" decoding=\"async\" width=\"1024\" height=\"683\" src=\"https:\/\/entretormentas.com\/wp-content\/uploads\/2024\/07\/limpio2-1024x683.jpg\" alt=\"\" class=\"wp-image-4547\" srcset=\"https:\/\/entretormentas.com\/wp-content\/uploads\/2024\/07\/limpio2-1024x683.jpg 1024w, https:\/\/entretormentas.com\/wp-content\/uploads\/2024\/07\/limpio2-300x200.jpg 300w, https:\/\/entretormentas.com\/wp-content\/uploads\/2024\/07\/limpio2-768x512.jpg 768w, https:\/\/entretormentas.com\/wp-content\/uploads\/2024\/07\/limpio2.jpg 1280w\" sizes=\"(max-width: 1024px) 100vw, 1024px\" \/><\/figure>\n\n\n\n<p>Como parte del Plan Operativo San Francisco Limpio y Responsable, el Instituto P\u00fablico Municipal de Ambiente y Aseo Urbano (Imasur) trabaja incansablemente en el saneamiento y embellecimiento de la ciudad. Muestra de ello, es la jornada que se extendi\u00f3, pasadas las 11 de la noche del mi\u00e9rcoles, en la Ciudadela Rafael Caldera, conocida como Fundabarrios, en la parroquia Jos\u00e9 Domingo Rus. Y este jueves, paulatinamente, se incorporaron m\u00e1s sectores donde hubo recolecci\u00f3n casa a casa en las distintas parroquias.<\/p>\n\n\n\n<p>Las tareas de limpieza no s\u00f3lo se limitan a la recolecci\u00f3n domiciliaria de desechos s\u00f3lidos, sino tambi\u00e9n en mantener limpia y cuidada la ciudad. Desde tempranas horas de la ma\u00f1ana m\u00e1s de mil hombres y mujeres salen a las principales calles y avenidas del municipio a higienizar, sanear y embellecer espacios, brindando a propios y for\u00e1neos, un lugar digno para la convivencia ciudadana en un entorno m\u00e1s saludable.<\/p>\n\n\n\n<p>Comerciantes y vecinos de las zonas remozadas muestran su complacencia por la labor que viene desarrollando el jefe del ejecutivo municipal, en materia de recolecci\u00f3n de desechos s\u00f3lidos, con la incorporaci\u00f3n de nuevas unidades compactadoras, limpieza de calles y avenidas, reasfaltado, bacheo, demarcaci\u00f3n, alumbrado p\u00fablico, pintura de aceras y brocales, flechados y pasos peatonales.<\/p>\n\n\n\n<p>Estas jornadas de limpieza forman parte de las acciones emprendidas por el alcalde Gustavo Fern\u00e1ndez, para convertir a San Francisco, en el municipio m\u00e1s limpio del occidente del pa\u00eds. Es importante que la ciudadan\u00eda tome conciencia, preservando el orden y la pulcritud, d\u00e1ndole un nuevo rostro al municipio, sirviendo de incentivo para el comercio, turismo y el progreso de la localidad.<br><strong><em>GS \/ Alcald\u00eda de San Francisco<\/em><\/strong><\/p>\n","protected":false},"excerpt":{"rendered":"<p>ENTRE TORMENTAS. El alcalde del municipio San Francisco, Gustavo Fern\u00e1ndez, realiz\u00f3 un recorrido por varios&#8230;<\/p>\n","protected":false},"author":2,"featured_media":4548,"comment_status":"closed","ping_status":"open","sticky":false,"template":"","format":"standard","meta":{"footnotes":""},"categories":[57,1],"tags":[],"class_list":["post-4546","post","type-post","status-publish","format-standard","has-post-thumbnail","hentry","category-actualidad","category-regionales"],"_links":{"self":[{"href":"https:\/\/entretormentas.com\/index.php?rest_route=\/wp\/v2\/posts\/4546","targetHints":{"allow":["GET"]}}],"collection":[{"href":"https:\/\/entretormentas.com\/index.php?rest_route=\/wp\/v2\/posts"}],"about":[{"href":"https:\/\/entretormentas.com\/index.php?rest_route=\/wp\/v2\/types\/post"}],"author":[{"embeddable":true,"href":"https:\/\/entretormentas.com\/index.php?rest_route=\/wp\/v2\/users\/2"}],"replies":[{"embeddable":true,"href":"https:\/\/entretormentas.com\/index.php?rest_route=%2Fwp%2Fv2%2Fcomments&post=4546"}],"version-history":[{"count":1,"href":"https:\/\/entretormentas.com\/index.php?rest_route=\/wp\/v2\/posts\/4546\/revisions"}],"predecessor-version":[{"id":4549,"href":"https:\/\/entretormentas.com\/index.php?rest_route=\/wp\/v2\/posts\/4546\/revisions\/4549"}],"wp:featuredmedia":[{"embeddable":true,"href":"https:\/\/entretormentas.com\/index.php?rest_route=\/wp\/v2\/media\/4548"}],"wp:attachment":[{"href":"https:\/\/entretormentas.com\/index.php?rest_route=%2Fwp%2Fv2%2Fmedia&parent=4546"}],"wp:term":[{"taxonomy":"category","embeddable":true,"href":"https:\/\/entretormentas.com\/index.php?rest_route=%2Fwp%2Fv2%2Fcategories&post=4546"},{"taxonomy":"post_tag","embeddable":true,"href":"https:\/\/entretormentas.com\/index.php?rest_route=%2Fwp%2Fv2%2Ftags&post=4546"}],"curies":[{"name":"wp","href":"https:\/\/api.w.org\/{rel}","templated":true}]}}