{"id":4695,"date":"2024-07-09T10:02:00","date_gmt":"2024-07-09T08:02:00","guid":{"rendered":"https:\/\/entretormentas.com\/?p=4695"},"modified":"2024-07-09T10:02:01","modified_gmt":"2024-07-09T08:02:01","slug":"firme-posicion-fanb-rechaza-presunto-plan-para-danar-los-servicios-del-pais","status":"publish","type":"post","link":"https:\/\/entretormentas.com\/firme-posicion-fanb-rechaza-presunto-plan-para-danar-los-servicios-del-pais\/","title":{"rendered":"\u00a1FIRME POSICI\u00d3N! FANB rechaza presunto plan para da\u00f1ar los servicios del pa\u00eds"},"content":{"rendered":"\n<p><strong>ENTRE TORMENTAS. <\/strong>El ministro de Defensa, Vladimir Padrino L\u00f3pez, afirm\u00f3 que la Fuerza Armada Nacional Bolivariana (FANB), rechaza las acciones de la oposici\u00f3n de encabezar un supuesto plan con paramilitares colombianos, para da\u00f1aron los servicios p\u00fablicos.<\/p>\n\n\n\n<p>A trav\u00e9s de su cuenta de X, el titular de esa cartera detall\u00f3 que las \u00abAutodefensas Conquistadoras de la Sierra Nevada\u00bb, ser\u00eda el grupo irregular inmerso en este trabajo que busca sabotear los servicios b\u00e1sicos.<\/p>\n\n\n\n<p>\u00abNo resulta nada extra\u00f1o que este sector opositor radical recurra nuevamente al libreto de violencia; basta con recordar eventos extremistas de los \u00faltimos a\u00f1os en los que qued\u00f3 fehacientemente demostrada su participaci\u00f3n\u00bb, rese\u00f1a el comunicado.<br><strong><em>GS \/ Uni\u00f3n Radio<\/em><\/strong><\/p>\n","protected":false},"excerpt":{"rendered":"<p>ENTRE TORMENTAS. El ministro de Defensa, Vladimir Padrino L\u00f3pez, afirm\u00f3 que la Fuerza Armada Nacional&#8230;<\/p>\n","protected":false},"author":2,"featured_media":4696,"comment_status":"closed","ping_status":"open","sticky":false,"template":"","format":"standard","meta":{"footnotes":""},"categories":[49],"tags":[],"class_list":["post-4695","post","type-post","status-publish","format-standard","has-post-thumbnail","hentry","category-nacionales"],"_links":{"self":[{"href":"https:\/\/entretormentas.com\/index.php?rest_route=\/wp\/v2\/posts\/4695","targetHints":{"allow":["GET"]}}],"collection":[{"href":"https:\/\/entretormentas.com\/index.php?rest_route=\/wp\/v2\/posts"}],"about":[{"href":"https:\/\/entretormentas.com\/index.php?rest_route=\/wp\/v2\/types\/post"}],"author":[{"embeddable":true,"href":"https:\/\/entretormentas.com\/index.php?rest_route=\/wp\/v2\/users\/2"}],"replies":[{"embeddable":true,"href":"https:\/\/entretormentas.com\/index.php?rest_route=%2Fwp%2Fv2%2Fcomments&post=4695"}],"version-history":[{"count":1,"href":"https:\/\/entretormentas.com\/index.php?rest_route=\/wp\/v2\/posts\/4695\/revisions"}],"predecessor-version":[{"id":4697,"href":"https:\/\/entretormentas.com\/index.php?rest_route=\/wp\/v2\/posts\/4695\/revisions\/4697"}],"wp:featuredmedia":[{"embeddable":true,"href":"https:\/\/entretormentas.com\/index.php?rest_route=\/wp\/v2\/media\/4696"}],"wp:attachment":[{"href":"https:\/\/entretormentas.com\/index.php?rest_route=%2Fwp%2Fv2%2Fmedia&parent=4695"}],"wp:term":[{"taxonomy":"category","embeddable":true,"href":"https:\/\/entretormentas.com\/index.php?rest_route=%2Fwp%2Fv2%2Fcategories&post=4695"},{"taxonomy":"post_tag","embeddable":true,"href":"https:\/\/entretormentas.com\/index.php?rest_route=%2Fwp%2Fv2%2Ftags&post=4695"}],"curies":[{"name":"wp","href":"https:\/\/api.w.org\/{rel}","templated":true}]}}