{"id":4707,"date":"2024-07-09T10:13:44","date_gmt":"2024-07-09T08:13:44","guid":{"rendered":"https:\/\/entretormentas.com\/?p=4707"},"modified":"2024-07-09T10:13:45","modified_gmt":"2024-07-09T08:13:45","slug":"en-san-francisco-mas-de-mil-trabajadores-de-imasur-garantizan-el-saneamiento-ambiental","status":"publish","type":"post","link":"https:\/\/entretormentas.com\/en-san-francisco-mas-de-mil-trabajadores-de-imasur-garantizan-el-saneamiento-ambiental\/","title":{"rendered":"\u00a1EN SAN FRANCISCO! M\u00e1s de mil trabajadores de Imasur garantizan el saneamiento ambiental"},"content":{"rendered":"\n<p><strong>ENTRE TORMENTAS.<\/strong> El Instituto P\u00fablico Municipal de Ambiente y Aseo Urbano (Imasur) de la Alcald\u00eda del municipio San Francisco, cuenta con hombres y mujeres que forman parte de las cuadrillas de Saneamiento Ambiental, los cuales diariamente desde tempranas horas salen a las calles a realizar jornadas de barrido manual y concientizaci\u00f3n en diferentes zonas del municipio.<\/p>\n\n\n\n<p>Mario L\u00f3pez, director de Saneamiento Ambiental, expres\u00f3 que m\u00e1s de mil personas desde las 6:00 de la ma\u00f1ana se despliegan en las calles y avenidas para higienizar, sanear y embellecer la ciudad. \u201cA nivel de todo el municipio tenemos 60 cuadrillas en varios puntos que son permanentes y ocho itinerantes que realizan operativos diarios\u201d, explic\u00f3.<\/p>\n\n\n\n<figure class=\"wp-block-image size-large\"><img fetchpriority=\"high\" decoding=\"async\" width=\"1024\" height=\"682\" src=\"https:\/\/entretormentas.com\/wp-content\/uploads\/2024\/07\/limpiecito2-1024x682.jpg\" alt=\"\" class=\"wp-image-4708\" srcset=\"https:\/\/entretormentas.com\/wp-content\/uploads\/2024\/07\/limpiecito2-1024x682.jpg 1024w, https:\/\/entretormentas.com\/wp-content\/uploads\/2024\/07\/limpiecito2-300x200.jpg 300w, https:\/\/entretormentas.com\/wp-content\/uploads\/2024\/07\/limpiecito2-768x512.jpg 768w, https:\/\/entretormentas.com\/wp-content\/uploads\/2024\/07\/limpiecito2.jpg 1280w\" sizes=\"(max-width: 1024px) 100vw, 1024px\" \/><\/figure>\n\n\n\n<p>Entre los puntos favorecidos con estas jornadas destacan zonas comerciales como Boulevard Virgen de Coromoto, Plaza Urdaneta, Iglesia del Padre V\u00edlchez, Avenida 5, Plaza Las Banderas, hospital Noriega Trigo hasta el Palacio de los Deportes de Combate, el Instituto Municipal de Salud (Imsasur), entre otros.<\/p>\n\n\n\n<p>Edison Vera, comerciante de la zona remozada, expres\u00f3 su satisfacci\u00f3n por la labor que viene desarrollando el alcalde Gustavo Fern\u00e1ndez, en materia de recolecci\u00f3n de desechos s\u00f3lidos, con la incorporaci\u00f3n de nuevas unidades compactadoras, limpieza de calles y avenidas, reasfaltado, bacheo, demarcaci\u00f3n, pintura de aceras y brocales, flechados y pasos peatonales.<\/p>\n\n\n\n<p>Yennire Sarludo, quien trota todas las ma\u00f1anas por el Boulevard de La Coromoto, coment\u00f3 \u201cme parece muy bien contar con m\u00e1s espacios limpios para la distracci\u00f3n y el sano esparcimiento. Un municipio limpio es reflejo del compromiso del alcalde y de nosotros como ciudadanos. Es tarea de todos mantenerlo limpio y cuidado\u00bb.<\/p>\n\n\n\n<p>Estas jornadas de limpieza forman parte de las acciones emprendidas por el alcalde Gustavo Fern\u00e1ndez, para convertir a San Francisco, en el municipio m\u00e1s limpio del occidente del pa\u00eds. Para ello es importante el papel que debe tomar la ciudadan\u00eda, preservando el orden y la pulcritud, d\u00e1ndole un nuevo rostro al municipio, que sirva adem\u00e1s de est\u00edmulo para incentivar el comercio, turismo y progreso.<br><strong><em>GS \/ Alcald\u00eda de San Francisco<\/em><\/strong><\/p>\n","protected":false},"excerpt":{"rendered":"<p>ENTRE TORMENTAS. El Instituto P\u00fablico Municipal de Ambiente y Aseo Urbano (Imasur) de la Alcald\u00eda&#8230;<\/p>\n","protected":false},"author":2,"featured_media":4709,"comment_status":"closed","ping_status":"open","sticky":false,"template":"","format":"standard","meta":{"footnotes":""},"categories":[1],"tags":[],"class_list":["post-4707","post","type-post","status-publish","format-standard","has-post-thumbnail","hentry","category-regionales"],"_links":{"self":[{"href":"https:\/\/entretormentas.com\/index.php?rest_route=\/wp\/v2\/posts\/4707","targetHints":{"allow":["GET"]}}],"collection":[{"href":"https:\/\/entretormentas.com\/index.php?rest_route=\/wp\/v2\/posts"}],"about":[{"href":"https:\/\/entretormentas.com\/index.php?rest_route=\/wp\/v2\/types\/post"}],"author":[{"embeddable":true,"href":"https:\/\/entretormentas.com\/index.php?rest_route=\/wp\/v2\/users\/2"}],"replies":[{"embeddable":true,"href":"https:\/\/entretormentas.com\/index.php?rest_route=%2Fwp%2Fv2%2Fcomments&post=4707"}],"version-history":[{"count":1,"href":"https:\/\/entretormentas.com\/index.php?rest_route=\/wp\/v2\/posts\/4707\/revisions"}],"predecessor-version":[{"id":4710,"href":"https:\/\/entretormentas.com\/index.php?rest_route=\/wp\/v2\/posts\/4707\/revisions\/4710"}],"wp:featuredmedia":[{"embeddable":true,"href":"https:\/\/entretormentas.com\/index.php?rest_route=\/wp\/v2\/media\/4709"}],"wp:attachment":[{"href":"https:\/\/entretormentas.com\/index.php?rest_route=%2Fwp%2Fv2%2Fmedia&parent=4707"}],"wp:term":[{"taxonomy":"category","embeddable":true,"href":"https:\/\/entretormentas.com\/index.php?rest_route=%2Fwp%2Fv2%2Fcategories&post=4707"},{"taxonomy":"post_tag","embeddable":true,"href":"https:\/\/entretormentas.com\/index.php?rest_route=%2Fwp%2Fv2%2Ftags&post=4707"}],"curies":[{"name":"wp","href":"https:\/\/api.w.org\/{rel}","templated":true}]}}