{"id":4812,"date":"2024-07-11T10:44:44","date_gmt":"2024-07-11T08:44:44","guid":{"rendered":"https:\/\/entretormentas.com\/?p=4812"},"modified":"2024-07-11T10:44:45","modified_gmt":"2024-07-11T08:44:45","slug":"exposicion-unos-600-marabinos-capacitados-por-el-imcec-en-junio-ponen-en-practica-sus-conocimientos","status":"publish","type":"post","link":"https:\/\/entretormentas.com\/exposicion-unos-600-marabinos-capacitados-por-el-imcec-en-junio-ponen-en-practica-sus-conocimientos\/","title":{"rendered":"\u00a1EXPOSICI\u00d3N! Unos 600 marabinos capacitados por el IMCEC en junio ponen en pr\u00e1ctica sus conocimientos"},"content":{"rendered":"\n<p><strong>ENTRE TORMENTAS. <\/strong>El Centro de Participaci\u00f3n Ciudadana Juana de \u00c1vila, ubicado en la urbanizaci\u00f3n San Jacinto, fue el lugar seleccionado para que las 600 personas capacitadas por la Alcald\u00eda de Maracaibo a trav\u00e9s del Instituto Municipal de Capacitaci\u00f3n y Educaci\u00f3n Ciudadana (IMCEC) en la primera quincena del mes de junio, pusieran en pr\u00e1ctica todas las habilidades adquiridas en los diversos cursos que dicta el instituto.<\/p>\n\n\n\n<p>La denominada \u201cexposici\u00f3n\u201d se realiz\u00f3 el pasado 18 de junio. En este evento los alumnos de los cursos de barber\u00eda, electr\u00f3nica digital, electr\u00f3nica avanzada, ropa \u00edntima, ropa infantil y decoraci\u00f3n de tortas; pusieron a prueba los conocimientos adquiridos en las diversas capacitaciones y se lo demostraron a los invitados a esta actividad.<\/p>\n\n\n\n<figure class=\"wp-block-image size-large\"><img fetchpriority=\"high\" decoding=\"async\" width=\"1024\" height=\"461\" src=\"https:\/\/entretormentas.com\/wp-content\/uploads\/2024\/07\/emprendo2-1024x461.jpg\" alt=\"\" class=\"wp-image-4813\" srcset=\"https:\/\/entretormentas.com\/wp-content\/uploads\/2024\/07\/emprendo2-1024x461.jpg 1024w, https:\/\/entretormentas.com\/wp-content\/uploads\/2024\/07\/emprendo2-300x135.jpg 300w, https:\/\/entretormentas.com\/wp-content\/uploads\/2024\/07\/emprendo2-768x346.jpg 768w, https:\/\/entretormentas.com\/wp-content\/uploads\/2024\/07\/emprendo2.jpg 1040w\" sizes=\"(max-width: 1024px) 100vw, 1024px\" \/><\/figure>\n\n\n\n<p>Wendy S\u00e1nchez, coordinadora de Educaci\u00f3n para el Trabajo del IMCEC, explic\u00f3 que el prop\u00f3sito principal de realizar estas exposiciones es que cada participante compruebe lo que aprendi\u00f3 en los cursos creados para impulsar en los ciudadanos el crecimiento, las ganas de superaci\u00f3n y el deseo de aprender un nuevo oficio para la consolidaci\u00f3n de un negocio a trav\u00e9s del Ecosistema del Emprendimiento.<\/p>\n\n\n\n<p>\u201cQueremos motivarlos a que contin\u00faen capacit\u00e1ndose y en esta actividad puedan obtener toda la informaci\u00f3n sobre el Ecosistema del Emprendimiento, impulsado por la Direcci\u00f3n General de Desarrollo Econ\u00f3mico de la Alcald\u00eda de Maracaibo\u201d, precis\u00f3.<\/p>\n\n\n\n<p>S\u00e1nchez detall\u00f3 que los participantes en la exposici\u00f3n fueron capacitados en los diversos talleres impartidos en las parroquias Santa Luc\u00eda, Chiquinquir\u00e1, Venancio Pulgar, Antonio Borjas Romero, entre otras, as\u00ed como en las sedes operativas en Juana de \u00c1vila y en el Complejo Deportivo Cultural Patria Joven.<\/p>\n\n\n\n<p>Los alumnos demostraron las t\u00e9cnicas aprendidas para la decoraci\u00f3n de tortas, la confecci\u00f3n de diversas prendas de vestir, destacando vestidos para ni\u00f1as, uniformes escolares y ropa deportiva. En el \u00e1rea de electr\u00f3nica, los expositores realizaron circuitos en serie.<\/p>\n\n\n\n<p>Yanitza Le\u00f3n, integrante del curso para la creaci\u00f3n de ropa infantil, indic\u00f3 que la capacitaci\u00f3n le sirvi\u00f3 de mucho. \u201cObtuve conocimientos en nuevas t\u00e9cnicas como la costura invisible y la elaboraci\u00f3n de diferentes prendas mediante el uso de patronaje\u201d, puntualiz\u00f3.<br><strong><em>GS \/ DCI Alcald\u00eda de Maracaibo<\/em><\/strong><\/p>\n","protected":false},"excerpt":{"rendered":"<p>ENTRE TORMENTAS. El Centro de Participaci\u00f3n Ciudadana Juana de \u00c1vila, ubicado en la urbanizaci\u00f3n San&#8230;<\/p>\n","protected":false},"author":2,"featured_media":4814,"comment_status":"closed","ping_status":"open","sticky":false,"template":"","format":"standard","meta":{"footnotes":""},"categories":[57,1],"tags":[],"class_list":["post-4812","post","type-post","status-publish","format-standard","has-post-thumbnail","hentry","category-actualidad","category-regionales"],"_links":{"self":[{"href":"https:\/\/entretormentas.com\/index.php?rest_route=\/wp\/v2\/posts\/4812","targetHints":{"allow":["GET"]}}],"collection":[{"href":"https:\/\/entretormentas.com\/index.php?rest_route=\/wp\/v2\/posts"}],"about":[{"href":"https:\/\/entretormentas.com\/index.php?rest_route=\/wp\/v2\/types\/post"}],"author":[{"embeddable":true,"href":"https:\/\/entretormentas.com\/index.php?rest_route=\/wp\/v2\/users\/2"}],"replies":[{"embeddable":true,"href":"https:\/\/entretormentas.com\/index.php?rest_route=%2Fwp%2Fv2%2Fcomments&post=4812"}],"version-history":[{"count":1,"href":"https:\/\/entretormentas.com\/index.php?rest_route=\/wp\/v2\/posts\/4812\/revisions"}],"predecessor-version":[{"id":4815,"href":"https:\/\/entretormentas.com\/index.php?rest_route=\/wp\/v2\/posts\/4812\/revisions\/4815"}],"wp:featuredmedia":[{"embeddable":true,"href":"https:\/\/entretormentas.com\/index.php?rest_route=\/wp\/v2\/media\/4814"}],"wp:attachment":[{"href":"https:\/\/entretormentas.com\/index.php?rest_route=%2Fwp%2Fv2%2Fmedia&parent=4812"}],"wp:term":[{"taxonomy":"category","embeddable":true,"href":"https:\/\/entretormentas.com\/index.php?rest_route=%2Fwp%2Fv2%2Fcategories&post=4812"},{"taxonomy":"post_tag","embeddable":true,"href":"https:\/\/entretormentas.com\/index.php?rest_route=%2Fwp%2Fv2%2Ftags&post=4812"}],"curies":[{"name":"wp","href":"https:\/\/api.w.org\/{rel}","templated":true}]}}