{"id":5294,"date":"2024-07-21T01:43:04","date_gmt":"2024-07-20T23:43:04","guid":{"rendered":"https:\/\/entretormentas.com\/?p=5294"},"modified":"2024-07-21T01:43:05","modified_gmt":"2024-07-20T23:43:05","slug":"con-una-gran-fiesta-alcaldia-de-san-francisco-invita-a-los-ninos-a-celebrar-su-dia","status":"publish","type":"post","link":"https:\/\/entretormentas.com\/con-una-gran-fiesta-alcaldia-de-san-francisco-invita-a-los-ninos-a-celebrar-su-dia\/","title":{"rendered":"\u00a1CON UNA GRAN FIESTA! Alcald\u00eda de San Francisco invita a los ni\u00f1os a celebrar su d\u00eda"},"content":{"rendered":"\n<p><strong>ENTRE TORMENTAS.<\/strong> Con actividades llenas de diversi\u00f3n y entretenimiento, la Alcald\u00eda de San Francisco prepara un agasajo a los m\u00e1s peque\u00f1os en el marco de la conmemoraci\u00f3n del D\u00eda del Ni\u00f1o que se celebrar\u00e1 este domingo 21 de julio.<\/p>\n\n\n\n<p>El Alcalde Gustavo Fern\u00e1ndez y la primera dama del municipio, Franciela N\u00fa\u00f1ez de Fern\u00e1ndez, extienden la invitaci\u00f3n a toda la comunidad de San Francisco para que asistan este domingo a la celebraci\u00f3n que se realizar\u00e1 en el estacionamiento del ayuntamiento sure\u00f1o desde las 5:00 de la tarde.<\/p>\n\n\n\n<figure class=\"wp-block-image size-large\"><img fetchpriority=\"high\" decoding=\"async\" width=\"1024\" height=\"682\" src=\"https:\/\/entretormentas.com\/wp-content\/uploads\/2024\/07\/dianino2-1024x682.jpg\" alt=\"\" class=\"wp-image-5296\" srcset=\"https:\/\/entretormentas.com\/wp-content\/uploads\/2024\/07\/dianino2-1024x682.jpg 1024w, https:\/\/entretormentas.com\/wp-content\/uploads\/2024\/07\/dianino2-300x200.jpg 300w, https:\/\/entretormentas.com\/wp-content\/uploads\/2024\/07\/dianino2-768x512.jpg 768w, https:\/\/entretormentas.com\/wp-content\/uploads\/2024\/07\/dianino2.jpg 1280w\" sizes=\"(max-width: 1024px) 100vw, 1024px\" \/><\/figure>\n\n\n\n<p>La m\u00e1xima autoridad municipal refiri\u00f3 que los ni\u00f1os podr\u00e1n disfrutar de un sano esparcimiento, en uni\u00f3n familiar, donde vivir\u00e1n una tarde divertida con animaci\u00f3n, inflables, personajes, robots, algod\u00f3n de az\u00facar, cotufas, m\u00fasica y muchas sorpresas m\u00e1s.<\/p>\n\n\n\n<p>Esta actividad se suma a la planificaci\u00f3n especial que se despleg\u00f3 durante el resto de la semana desde el ayuntamiento sure\u00f1o y cuyo principal objetivo fue atender a los consentidos del municipio. Iniciativas organizadas desde la Alcald\u00eda de San Francisco a trav\u00e9s de Fundaci\u00f3n Dama del Sur (Damasur), Sala Integral de Rehabilitaci\u00f3n Infantil del Sur (Siribsur), Gerencia de Desarrollo Social y Participaci\u00f3n Ciudadana, Direcci\u00f3n Municipal de Gesti\u00f3n y el Instituto Municipal de un Cultura Juan de Dios Mart\u00ednez.<br><strong><em>GS \/ Alcald\u00eda de San Francisco<\/em><\/strong><\/p>\n","protected":false},"excerpt":{"rendered":"<p>ENTRE TORMENTAS. Con actividades llenas de diversi\u00f3n y entretenimiento, la Alcald\u00eda de San Francisco prepara&#8230;<\/p>\n","protected":false},"author":2,"featured_media":5297,"comment_status":"closed","ping_status":"open","sticky":false,"template":"","format":"standard","meta":{"footnotes":""},"categories":[1],"tags":[],"class_list":["post-5294","post","type-post","status-publish","format-standard","has-post-thumbnail","hentry","category-regionales"],"_links":{"self":[{"href":"https:\/\/entretormentas.com\/index.php?rest_route=\/wp\/v2\/posts\/5294","targetHints":{"allow":["GET"]}}],"collection":[{"href":"https:\/\/entretormentas.com\/index.php?rest_route=\/wp\/v2\/posts"}],"about":[{"href":"https:\/\/entretormentas.com\/index.php?rest_route=\/wp\/v2\/types\/post"}],"author":[{"embeddable":true,"href":"https:\/\/entretormentas.com\/index.php?rest_route=\/wp\/v2\/users\/2"}],"replies":[{"embeddable":true,"href":"https:\/\/entretormentas.com\/index.php?rest_route=%2Fwp%2Fv2%2Fcomments&post=5294"}],"version-history":[{"count":1,"href":"https:\/\/entretormentas.com\/index.php?rest_route=\/wp\/v2\/posts\/5294\/revisions"}],"predecessor-version":[{"id":5298,"href":"https:\/\/entretormentas.com\/index.php?rest_route=\/wp\/v2\/posts\/5294\/revisions\/5298"}],"wp:featuredmedia":[{"embeddable":true,"href":"https:\/\/entretormentas.com\/index.php?rest_route=\/wp\/v2\/media\/5297"}],"wp:attachment":[{"href":"https:\/\/entretormentas.com\/index.php?rest_route=%2Fwp%2Fv2%2Fmedia&parent=5294"}],"wp:term":[{"taxonomy":"category","embeddable":true,"href":"https:\/\/entretormentas.com\/index.php?rest_route=%2Fwp%2Fv2%2Fcategories&post=5294"},{"taxonomy":"post_tag","embeddable":true,"href":"https:\/\/entretormentas.com\/index.php?rest_route=%2Fwp%2Fv2%2Ftags&post=5294"}],"curies":[{"name":"wp","href":"https:\/\/api.w.org\/{rel}","templated":true}]}}