{"id":5370,"date":"2024-07-23T10:27:54","date_gmt":"2024-07-23T08:27:54","guid":{"rendered":"https:\/\/entretormentas.com\/?p=5370"},"modified":"2024-07-23T10:27:54","modified_gmt":"2024-07-23T08:27:54","slug":"en-san-francisco-militantes-de-vente-venezuela-apoyan-ahora-nicolas-maduro-a-traves-de-alianza-para-el-cambio","status":"publish","type":"post","link":"https:\/\/entretormentas.com\/en-san-francisco-militantes-de-vente-venezuela-apoyan-ahora-nicolas-maduro-a-traves-de-alianza-para-el-cambio\/","title":{"rendered":"\u00a1EN SAN FRANCISCO! Militantes de Vente Venezuela apoyan ahora Nicol\u00e1s Maduro a trav\u00e9s de Alianza Para el Cambio"},"content":{"rendered":"\n<p><strong>ENTRE TORMENTAS.<\/strong> Un grupo de vecinos de la parroquia El Bajo, del municipio San Francisco, que manifest\u00f3 pertenecer a las filas del movimiento Vente Venezuela, decidieron renunciar en un acto p\u00fablico a su militancia para cerrar filas al lado del partido Alianza Para el Cambio (APC) y a la reelecci\u00f3n de Nicol\u00e1s Maduro.<\/p>\n\n\n\n<p>Jes\u00fas Villalobos, vocero de este grupo, inform\u00f3 que \u00abhemos tomado est\u00e1 decisi\u00f3n para apoyar a un partido que es social dem\u00f3crata de centro izquierda, perteneciente al Gran Polo Patri\u00f3tico, que nos ha demostrado que en verdad si hay otra manera de hacer pol\u00edtica, comenzando desde las bases con un contenido program\u00e1tico claro sin mentiras ni manipulaci\u00f3nes\u00bb.<\/p>\n\n\n\n<p>Respondiendo a las inquietudes en torno a la toma de esta decisi\u00f3n a escasos d\u00edas de los comicios del 28 de julio, Villalobos aclar\u00f3 que \u00abesto no es un show medi\u00e1tico ni tampoco una improvisaci\u00f3n. Es una determinaci\u00f3n ante la amenaza de privatizaci\u00f3n y querer imponernos un modelo que atenta contra los logros del presidente Ch\u00e1vez, como las misi\u00f3nes que ha continuado el presidente Maduro y no queremos que nos arrebaten eso\u00bb.<\/p>\n\n\n\n<p>Ante los aplausos de quienes se colocaron la franelas celestes del Partido Alianza Para el Cambio, Villalobos concluy\u00f3 haciendo \u00e9nfasis al se\u00f1alar que \u00abeste partido nos ha recibido con los brazos abiertos sin preguntarnos de donde venimos, donde muchos fuimos adecos y luego de Vente Venezuela, por lo que mas bien les hemos presentado proyectos sociales y se han dignado a atendernos y nos han guiado de como se elaboran \u00e9stos proyectos y los han elevado hasta el propio presidente Nicol\u00e1s Maduro, osea que nos sentimos de verdad respetados y valorados\u00bb.<\/p>\n\n\n\n<figure class=\"wp-block-image size-large\"><img fetchpriority=\"high\" decoding=\"async\" width=\"1024\" height=\"530\" src=\"https:\/\/entretormentas.com\/wp-content\/uploads\/2024\/07\/montaje2-1024x530.jpg\" alt=\"\" class=\"wp-image-5371\" srcset=\"https:\/\/entretormentas.com\/wp-content\/uploads\/2024\/07\/montaje2-1024x530.jpg 1024w, https:\/\/entretormentas.com\/wp-content\/uploads\/2024\/07\/montaje2-300x155.jpg 300w, https:\/\/entretormentas.com\/wp-content\/uploads\/2024\/07\/montaje2-768x397.jpg 768w, https:\/\/entretormentas.com\/wp-content\/uploads\/2024\/07\/montaje2.jpg 1280w\" sizes=\"(max-width: 1024px) 100vw, 1024px\" \/><\/figure>\n\n\n\n<p>En el acto estuvo presente el secretario general de Alianza para el Cambio (APC) en el Zulia, Richard Guanipa, quien recalc\u00f3 que se trata de&nbsp;una muestra de respaldo de militantes de otras toldas que se sienten enga\u00f1ados, \u00abpero ac\u00e1 le abrimos los brazos y le damos la bienvenida\u00bb.<\/p>\n\n\n\n<p>Guanipa record\u00f3 que APC es un\u00a0partido pol\u00edtico\u00a0venezolano, que ideol\u00f3gicamente se define como\u00a0socialdem\u00f3crata\u00a0con fuerte tendencia\u00a0chavista que se ubica en la\u00a0centroizquierda\u00a0del\u00a0espectro pol\u00edtico, cuyo secretario general nacional es el diputado\u00a0a la Asamblea Nacional, Ricardo S\u00e1nchez.<br><strong><em>GS \/ Entre Tormentas<\/em><\/strong><\/p>\n","protected":false},"excerpt":{"rendered":"<p>ENTRE TORMENTAS. Un grupo de vecinos de la parroquia El Bajo, del municipio San Francisco,&#8230;<\/p>\n","protected":false},"author":2,"featured_media":5372,"comment_status":"closed","ping_status":"open","sticky":false,"template":"","format":"standard","meta":{"footnotes":""},"categories":[1],"tags":[],"class_list":["post-5370","post","type-post","status-publish","format-standard","has-post-thumbnail","hentry","category-regionales"],"_links":{"self":[{"href":"https:\/\/entretormentas.com\/index.php?rest_route=\/wp\/v2\/posts\/5370","targetHints":{"allow":["GET"]}}],"collection":[{"href":"https:\/\/entretormentas.com\/index.php?rest_route=\/wp\/v2\/posts"}],"about":[{"href":"https:\/\/entretormentas.com\/index.php?rest_route=\/wp\/v2\/types\/post"}],"author":[{"embeddable":true,"href":"https:\/\/entretormentas.com\/index.php?rest_route=\/wp\/v2\/users\/2"}],"replies":[{"embeddable":true,"href":"https:\/\/entretormentas.com\/index.php?rest_route=%2Fwp%2Fv2%2Fcomments&post=5370"}],"version-history":[{"count":1,"href":"https:\/\/entretormentas.com\/index.php?rest_route=\/wp\/v2\/posts\/5370\/revisions"}],"predecessor-version":[{"id":5373,"href":"https:\/\/entretormentas.com\/index.php?rest_route=\/wp\/v2\/posts\/5370\/revisions\/5373"}],"wp:featuredmedia":[{"embeddable":true,"href":"https:\/\/entretormentas.com\/index.php?rest_route=\/wp\/v2\/media\/5372"}],"wp:attachment":[{"href":"https:\/\/entretormentas.com\/index.php?rest_route=%2Fwp%2Fv2%2Fmedia&parent=5370"}],"wp:term":[{"taxonomy":"category","embeddable":true,"href":"https:\/\/entretormentas.com\/index.php?rest_route=%2Fwp%2Fv2%2Fcategories&post=5370"},{"taxonomy":"post_tag","embeddable":true,"href":"https:\/\/entretormentas.com\/index.php?rest_route=%2Fwp%2Fv2%2Ftags&post=5370"}],"curies":[{"name":"wp","href":"https:\/\/api.w.org\/{rel}","templated":true}]}}