{"id":5445,"date":"2024-07-25T10:01:05","date_gmt":"2024-07-25T08:01:05","guid":{"rendered":"https:\/\/entretormentas.com\/?p=5445"},"modified":"2024-07-25T10:01:05","modified_gmt":"2024-07-25T08:01:05","slug":"en-la-capital-de-la-republica-maduro-culmina-su-campana-en-la-avenida-bolivar","status":"publish","type":"post","link":"https:\/\/entretormentas.com\/en-la-capital-de-la-republica-maduro-culmina-su-campana-en-la-avenida-bolivar\/","title":{"rendered":"\u00a1EN LA CAPITAL DE LA REP\u00daBLICA! Maduro culmina su campa\u00f1a en la avenida Bol\u00edvar"},"content":{"rendered":"\n<p><strong>ENTRE TORMENTAS. <\/strong>El jefe de gobierno del Distrito Capital, Nahum Fern\u00e1ndez, anunci\u00f3 que el presidente Nicol\u00e1s Maduro cerrar\u00e1 su campa\u00f1a presidencial en la avenida Bol\u00edvar.<\/p>\n\n\n\n<p>\u00abEste cierre de campa\u00f1a estar\u00e1 instrumentado desde el muro de Petare hasta la avenida Bol\u00edvar, por la avenida Sucre, iremos nosotros caminando (\u2026) Bajar\u00e1n los barrios de la ciudad\u00bb, afirm\u00f3.<\/p>\n\n\n\n<p>Fern\u00e1ndez indic\u00f3 que los actos pol\u00edticos del presidente Nicol\u00e1s Maduro iniciar\u00e1n a partir de las 10.00 de la ma\u00f1ana hasta las 10.00 de la noche, detalla Uni\u00f3n Radio.<\/p>\n\n\n\n<p>\u00abA partir de las 9:00 am, 10:00 am y mediod\u00eda veremos r\u00edos de pueblo caminando en distintos sentidos, v\u00edas y calles\u00bb, afirm\u00f3.<br><strong><em>GS \/ Agencias<\/em><\/strong><\/p>\n","protected":false},"excerpt":{"rendered":"<p>ENTRE TORMENTAS. El jefe de gobierno del Distrito Capital, Nahum Fern\u00e1ndez, anunci\u00f3 que el presidente&#8230;<\/p>\n","protected":false},"author":2,"featured_media":5446,"comment_status":"closed","ping_status":"open","sticky":false,"template":"","format":"standard","meta":{"footnotes":""},"categories":[57,49],"tags":[],"class_list":["post-5445","post","type-post","status-publish","format-standard","has-post-thumbnail","hentry","category-actualidad","category-nacionales"],"_links":{"self":[{"href":"https:\/\/entretormentas.com\/index.php?rest_route=\/wp\/v2\/posts\/5445","targetHints":{"allow":["GET"]}}],"collection":[{"href":"https:\/\/entretormentas.com\/index.php?rest_route=\/wp\/v2\/posts"}],"about":[{"href":"https:\/\/entretormentas.com\/index.php?rest_route=\/wp\/v2\/types\/post"}],"author":[{"embeddable":true,"href":"https:\/\/entretormentas.com\/index.php?rest_route=\/wp\/v2\/users\/2"}],"replies":[{"embeddable":true,"href":"https:\/\/entretormentas.com\/index.php?rest_route=%2Fwp%2Fv2%2Fcomments&post=5445"}],"version-history":[{"count":1,"href":"https:\/\/entretormentas.com\/index.php?rest_route=\/wp\/v2\/posts\/5445\/revisions"}],"predecessor-version":[{"id":5447,"href":"https:\/\/entretormentas.com\/index.php?rest_route=\/wp\/v2\/posts\/5445\/revisions\/5447"}],"wp:featuredmedia":[{"embeddable":true,"href":"https:\/\/entretormentas.com\/index.php?rest_route=\/wp\/v2\/media\/5446"}],"wp:attachment":[{"href":"https:\/\/entretormentas.com\/index.php?rest_route=%2Fwp%2Fv2%2Fmedia&parent=5445"}],"wp:term":[{"taxonomy":"category","embeddable":true,"href":"https:\/\/entretormentas.com\/index.php?rest_route=%2Fwp%2Fv2%2Fcategories&post=5445"},{"taxonomy":"post_tag","embeddable":true,"href":"https:\/\/entretormentas.com\/index.php?rest_route=%2Fwp%2Fv2%2Ftags&post=5445"}],"curies":[{"name":"wp","href":"https:\/\/api.w.org\/{rel}","templated":true}]}}