{"id":5514,"date":"2024-07-26T10:04:56","date_gmt":"2024-07-26T08:04:56","guid":{"rendered":"https:\/\/entretormentas.com\/?p=5514"},"modified":"2024-07-26T10:04:57","modified_gmt":"2024-07-26T08:04:57","slug":"en-el-kilometro-4-alcaldia-de-san-francisco-anuncia-reparacion-del-socavamiento-en-la-148-via-a-perija","status":"publish","type":"post","link":"https:\/\/entretormentas.com\/en-el-kilometro-4-alcaldia-de-san-francisco-anuncia-reparacion-del-socavamiento-en-la-148-via-a-perija\/","title":{"rendered":"\u00a1EN EL KIL\u00d3METRO 4! Alcald\u00eda de San Francisco anuncia reparaci\u00f3n del socavamiento en la 148 v\u00eda a Perij\u00e1"},"content":{"rendered":"\n<p><strong>ENTRE TORMENTAS. <\/strong>El alcalde del municipio San Francisco, Gustavo Fern\u00e1ndez, inspeccion\u00f3 el socavamiento en la calle 148 con avenida 50 del Kil\u00f3metro 4 en la parroquia Marcial Hern\u00e1ndez, donde se comprometi\u00f3 a la reparaci\u00f3n de este importante tramo vial.<\/p>\n\n\n\n<figure class=\"wp-block-image size-large\"><img fetchpriority=\"high\" decoding=\"async\" width=\"1024\" height=\"682\" src=\"https:\/\/entretormentas.com\/wp-content\/uploads\/2024\/07\/hueco2-1024x682.jpg\" alt=\"\" class=\"wp-image-5515\" srcset=\"https:\/\/entretormentas.com\/wp-content\/uploads\/2024\/07\/hueco2-1024x682.jpg 1024w, https:\/\/entretormentas.com\/wp-content\/uploads\/2024\/07\/hueco2-300x200.jpg 300w, https:\/\/entretormentas.com\/wp-content\/uploads\/2024\/07\/hueco2-768x512.jpg 768w, https:\/\/entretormentas.com\/wp-content\/uploads\/2024\/07\/hueco2.jpg 1280w\" sizes=\"(max-width: 1024px) 100vw, 1024px\" \/><\/figure>\n\n\n\n<p>Fern\u00e1ndez M\u00e9ndez inform\u00f3 que asume el compromiso de resolver este problema, a pesar de no ser competencia directa de su gesti\u00f3n, con la intenci\u00f3n que se reactive esta arteria vial que conecta con varias l\u00edneas de transporte y peatones de las parroquias Marcial Hern\u00e1ndez, Domitila Flores, Jos\u00e9 Domingo Rus y Los Cortijos.<\/p>\n\n\n\n<p>El l\u00edder municipal estuvo acompa\u00f1ado de Villapol Morales, director Romario Fuenmayor, gerente de Operaciones, y Jos\u00e9 Luis Ram\u00edrez, gerente de Infraestructura, quien detall\u00f3 que los trabajos iniciales contar\u00e1n con el desmalezamiento del \u00e1rea, corregir el tramo afectado, excavaci\u00f3n y relleno para posteriormente levantar el muro, para que en un futuro la acumulaci\u00f3n de agua no vuelva afectar.<\/p>\n\n\n\n<figure class=\"wp-block-image size-large\"><img decoding=\"async\" width=\"1024\" height=\"682\" src=\"https:\/\/entretormentas.com\/wp-content\/uploads\/2024\/07\/hueco3-1024x682.jpg\" alt=\"\" class=\"wp-image-5516\" srcset=\"https:\/\/entretormentas.com\/wp-content\/uploads\/2024\/07\/hueco3-1024x682.jpg 1024w, https:\/\/entretormentas.com\/wp-content\/uploads\/2024\/07\/hueco3-300x200.jpg 300w, https:\/\/entretormentas.com\/wp-content\/uploads\/2024\/07\/hueco3-768x512.jpg 768w, https:\/\/entretormentas.com\/wp-content\/uploads\/2024\/07\/hueco3.jpg 1280w\" sizes=\"(max-width: 1024px) 100vw, 1024px\" \/><\/figure>\n\n\n\n<p>Desde este tramo vial, el alcalde Fern\u00e1ndez enfatiz\u00f3 que este trabajo es de suma importancia y ser\u00e1 culminado a la brevedad posible. Tambi\u00e9n hizo un llamado a la Hidrol\u00f3gica del Lago de Maracaibo (Hidrolago) para hacer los correctivos concernientes en la tuber\u00eda madre, a fin de evitar que este derrame de aguas servidas y aguas negras da\u00f1e el pavimento que se va a instalar.<br><strong><em>GS \/ Alcald\u00eda de San Francisco<\/em><\/strong><\/p>\n","protected":false},"excerpt":{"rendered":"<p>ENTRE TORMENTAS. El alcalde del municipio San Francisco, Gustavo Fern\u00e1ndez, inspeccion\u00f3 el socavamiento en la&#8230;<\/p>\n","protected":false},"author":2,"featured_media":5517,"comment_status":"closed","ping_status":"open","sticky":false,"template":"","format":"standard","meta":{"footnotes":""},"categories":[57,1],"tags":[],"class_list":["post-5514","post","type-post","status-publish","format-standard","has-post-thumbnail","hentry","category-actualidad","category-regionales"],"_links":{"self":[{"href":"https:\/\/entretormentas.com\/index.php?rest_route=\/wp\/v2\/posts\/5514","targetHints":{"allow":["GET"]}}],"collection":[{"href":"https:\/\/entretormentas.com\/index.php?rest_route=\/wp\/v2\/posts"}],"about":[{"href":"https:\/\/entretormentas.com\/index.php?rest_route=\/wp\/v2\/types\/post"}],"author":[{"embeddable":true,"href":"https:\/\/entretormentas.com\/index.php?rest_route=\/wp\/v2\/users\/2"}],"replies":[{"embeddable":true,"href":"https:\/\/entretormentas.com\/index.php?rest_route=%2Fwp%2Fv2%2Fcomments&post=5514"}],"version-history":[{"count":1,"href":"https:\/\/entretormentas.com\/index.php?rest_route=\/wp\/v2\/posts\/5514\/revisions"}],"predecessor-version":[{"id":5518,"href":"https:\/\/entretormentas.com\/index.php?rest_route=\/wp\/v2\/posts\/5514\/revisions\/5518"}],"wp:featuredmedia":[{"embeddable":true,"href":"https:\/\/entretormentas.com\/index.php?rest_route=\/wp\/v2\/media\/5517"}],"wp:attachment":[{"href":"https:\/\/entretormentas.com\/index.php?rest_route=%2Fwp%2Fv2%2Fmedia&parent=5514"}],"wp:term":[{"taxonomy":"category","embeddable":true,"href":"https:\/\/entretormentas.com\/index.php?rest_route=%2Fwp%2Fv2%2Fcategories&post=5514"},{"taxonomy":"post_tag","embeddable":true,"href":"https:\/\/entretormentas.com\/index.php?rest_route=%2Fwp%2Fv2%2Ftags&post=5514"}],"curies":[{"name":"wp","href":"https:\/\/api.w.org\/{rel}","templated":true}]}}