{"id":5596,"date":"2024-07-28T22:06:13","date_gmt":"2024-07-28T20:06:13","guid":{"rendered":"https:\/\/entretormentas.com\/?p=5596"},"modified":"2024-07-28T22:06:14","modified_gmt":"2024-07-28T20:06:14","slug":"gral-nestor-reverol-el-pueblo-zuliano-demuestra-caracter-democratico-en-esta-fiesta-electoral","status":"publish","type":"post","link":"https:\/\/entretormentas.com\/gral-nestor-reverol-el-pueblo-zuliano-demuestra-caracter-democratico-en-esta-fiesta-electoral\/","title":{"rendered":"GRAL. N\u00c9STOR REVEROL: \u201cEl pueblo zuliano demuestra car\u00e1cter democr\u00e1tico en esta fiesta electoral\u201d"},"content":{"rendered":"\n<p><strong>ENTRE TORMENTAS. <\/strong>El presidente de la Corporaci\u00f3n para el Desarrollo de la Regi\u00f3n Zuliana, (Corpozulia) G\/J N\u00e9stor Reverol, ejerci\u00f3 su derecho al voto este domingo, en los comicios presidenciales, e invit\u00f3 al pueblo zuliano a sumarse a esta fiesta electoral para demostrar al mundo el car\u00e1cter democr\u00e1tico de nuestro pa\u00eds.<\/p>\n\n\n\n<p>Desde la Escuela B\u00e1sica Nacional Evelia de Pimentel, el General en Jefe, manifest\u00f3 que<br>los zulianos y las zulianas han salido a participar en este proceso comicial para elegir al presidente de Venezuela en los mil 453 centros electorales y 3 mil 312 mesas de votaci\u00f3n habitados por el Consejo Nacional Electoral (CNE) en esta entidad.<\/p>\n\n\n\n<p>Reconoci\u00f3 p\u00fablicamente la labor que viene desempa\u00f1ando el \u00e1rbitro comicial y el despliegue permanente de los efectivos del Plan Rep\u00fablica, para que todos los venezolanos puedan ejercer este derecho consagrado en la Carta Magna.<br><strong><em>GS \/ Agencias<\/em><\/strong><\/p>\n","protected":false},"excerpt":{"rendered":"<p>ENTRE TORMENTAS. El presidente de la Corporaci\u00f3n para el Desarrollo de la Regi\u00f3n Zuliana, (Corpozulia)&#8230;<\/p>\n","protected":false},"author":2,"featured_media":5597,"comment_status":"closed","ping_status":"open","sticky":false,"template":"","format":"standard","meta":{"footnotes":""},"categories":[57,1],"tags":[],"class_list":["post-5596","post","type-post","status-publish","format-standard","has-post-thumbnail","hentry","category-actualidad","category-regionales"],"_links":{"self":[{"href":"https:\/\/entretormentas.com\/index.php?rest_route=\/wp\/v2\/posts\/5596","targetHints":{"allow":["GET"]}}],"collection":[{"href":"https:\/\/entretormentas.com\/index.php?rest_route=\/wp\/v2\/posts"}],"about":[{"href":"https:\/\/entretormentas.com\/index.php?rest_route=\/wp\/v2\/types\/post"}],"author":[{"embeddable":true,"href":"https:\/\/entretormentas.com\/index.php?rest_route=\/wp\/v2\/users\/2"}],"replies":[{"embeddable":true,"href":"https:\/\/entretormentas.com\/index.php?rest_route=%2Fwp%2Fv2%2Fcomments&post=5596"}],"version-history":[{"count":1,"href":"https:\/\/entretormentas.com\/index.php?rest_route=\/wp\/v2\/posts\/5596\/revisions"}],"predecessor-version":[{"id":5598,"href":"https:\/\/entretormentas.com\/index.php?rest_route=\/wp\/v2\/posts\/5596\/revisions\/5598"}],"wp:featuredmedia":[{"embeddable":true,"href":"https:\/\/entretormentas.com\/index.php?rest_route=\/wp\/v2\/media\/5597"}],"wp:attachment":[{"href":"https:\/\/entretormentas.com\/index.php?rest_route=%2Fwp%2Fv2%2Fmedia&parent=5596"}],"wp:term":[{"taxonomy":"category","embeddable":true,"href":"https:\/\/entretormentas.com\/index.php?rest_route=%2Fwp%2Fv2%2Fcategories&post=5596"},{"taxonomy":"post_tag","embeddable":true,"href":"https:\/\/entretormentas.com\/index.php?rest_route=%2Fwp%2Fv2%2Ftags&post=5596"}],"curies":[{"name":"wp","href":"https:\/\/api.w.org\/{rel}","templated":true}]}}