{"id":5666,"date":"2024-07-30T10:22:59","date_gmt":"2024-07-30T08:22:59","guid":{"rendered":"https:\/\/entretormentas.com\/?p=5666"},"modified":"2024-07-30T10:23:01","modified_gmt":"2024-07-30T08:23:01","slug":"lamentable-muere-adolescente-de-15-anos-durante-protestas-en-san-francisco","status":"publish","type":"post","link":"https:\/\/entretormentas.com\/lamentable-muere-adolescente-de-15-anos-durante-protestas-en-san-francisco\/","title":{"rendered":"\u00a1LAMENTABLE! Muere adolescente de 15 a\u00f1os durante protestas en San Francisco"},"content":{"rendered":"\n<p><strong>ENTRE TORMENTAS.<\/strong> A trav\u00e9s de las redes sociales trascendi\u00f3 la informaci\u00f3n de la muerte de la muerte, en el municipio San Francisco, de un adolescente que recibi\u00f3 un disparo en el cuello durante las protestas registradas ayer en casi todo el pa\u00eds, tras los resultados ofrecidos por el Consejo Nacional Electoral que dieron como ganador a Nicol\u00e1s Maduro.<\/p>\n\n\n\n<p>El hecho ocurri\u00f3 en horas de la noche de este lunes 29 de julio, cerca de las instalaciones del Liceo Math\u00edas Losada. En im\u00e1genes que rodaron por las redes sociales se ve cuando se lo llevan en una motocicleta a\u00fan con vida, pero lastimosamente lleg\u00f3 a la emergencia del Hospital Noriega Trigo sin signos vitales.<\/p>\n\n\n\n<p>El joven qued\u00f3 identificado como Isa\u00edas Fuenmayor, de apenas 15 a\u00f1os de edad. Se espera por el inicio de las investigaciones por parte de los funcionarios del Cuerpo de Investigaciones Cient\u00edficas, Penales y Criminalistas.<br><strong><em>GS \/ Entre Tormentas<\/em><\/strong><\/p>\n","protected":false},"excerpt":{"rendered":"<p>ENTRE TORMENTAS. A trav\u00e9s de las redes sociales trascendi\u00f3 la informaci\u00f3n de la muerte de&#8230;<\/p>\n","protected":false},"author":2,"featured_media":5667,"comment_status":"closed","ping_status":"open","sticky":false,"template":"","format":"standard","meta":{"footnotes":""},"categories":[57,52],"tags":[],"class_list":["post-5666","post","type-post","status-publish","format-standard","has-post-thumbnail","hentry","category-actualidad","category-sucesos"],"_links":{"self":[{"href":"https:\/\/entretormentas.com\/index.php?rest_route=\/wp\/v2\/posts\/5666","targetHints":{"allow":["GET"]}}],"collection":[{"href":"https:\/\/entretormentas.com\/index.php?rest_route=\/wp\/v2\/posts"}],"about":[{"href":"https:\/\/entretormentas.com\/index.php?rest_route=\/wp\/v2\/types\/post"}],"author":[{"embeddable":true,"href":"https:\/\/entretormentas.com\/index.php?rest_route=\/wp\/v2\/users\/2"}],"replies":[{"embeddable":true,"href":"https:\/\/entretormentas.com\/index.php?rest_route=%2Fwp%2Fv2%2Fcomments&post=5666"}],"version-history":[{"count":1,"href":"https:\/\/entretormentas.com\/index.php?rest_route=\/wp\/v2\/posts\/5666\/revisions"}],"predecessor-version":[{"id":5668,"href":"https:\/\/entretormentas.com\/index.php?rest_route=\/wp\/v2\/posts\/5666\/revisions\/5668"}],"wp:featuredmedia":[{"embeddable":true,"href":"https:\/\/entretormentas.com\/index.php?rest_route=\/wp\/v2\/media\/5667"}],"wp:attachment":[{"href":"https:\/\/entretormentas.com\/index.php?rest_route=%2Fwp%2Fv2%2Fmedia&parent=5666"}],"wp:term":[{"taxonomy":"category","embeddable":true,"href":"https:\/\/entretormentas.com\/index.php?rest_route=%2Fwp%2Fv2%2Fcategories&post=5666"},{"taxonomy":"post_tag","embeddable":true,"href":"https:\/\/entretormentas.com\/index.php?rest_route=%2Fwp%2Fv2%2Ftags&post=5666"}],"curies":[{"name":"wp","href":"https:\/\/api.w.org\/{rel}","templated":true}]}}