{"id":5775,"date":"2024-08-01T09:44:38","date_gmt":"2024-08-01T07:44:38","guid":{"rendered":"https:\/\/entretormentas.com\/?p=5775"},"modified":"2024-08-01T09:44:38","modified_gmt":"2024-08-01T07:44:38","slug":"balance-fiscal-saab-confirma-mas-de-mil-detenidos-por-acciones-violentas-en-venezuela","status":"publish","type":"post","link":"https:\/\/entretormentas.com\/balance-fiscal-saab-confirma-mas-de-mil-detenidos-por-acciones-violentas-en-venezuela\/","title":{"rendered":"\u00a1BALANCE! Fiscal Saab confirma m\u00e1s de mil detenidos por acciones violentas en Venezuela"},"content":{"rendered":"\n<p><strong>ENTRE TORMENTAS. <\/strong>El fiscal general de la Rep\u00fablica, Tarek William Saab, inform\u00f3 que hasta el momento van 1.062 detenidos en todo el territorio nacional por actos violentos generados en el pa\u00eds tras las elecciones del 28 de julio.<\/p>\n\n\n\n<p>En un balance ofrecido este mi\u00e9rcoles a\u00f1adi\u00f3 que hay 77 funcionarios heridos y uno asesinado en el estado Aragua. \u00abSi alguno de ellos por la investigaci\u00f3n pudiera determinarse que estando en los lugares no tuvieron participaci\u00f3n, aqu\u00ed hay justicia y ser\u00e1n liberados\u00bb.<\/p>\n\n\n\n<p>Afirm\u00f3 que el pa\u00eds se encuentra en \u00abuna tensa calma\u00bb, y reiter\u00f3 que se aplicar\u00e1 todo el peso de la ley contra aquellos que comentan acciones vand\u00e1licos.<\/p>\n\n\n\n<p>Subray\u00f3 que el Ministerio P\u00fablico tienen expedientes contra varios presuntos autores intelectuales y \u00abno descartamos nuevas detenciones\u00bb.<\/p>\n\n\n\n<p>Se\u00f1al\u00f3 que la extrema derecha ten\u00eda planes para cantar fraude despu\u00e9s de las elecciones.<\/p>\n\n\n\n<p>\u00abAqu\u00ed nadie puede asombrarse que le ha ca\u00eddo de sorpresa, lo que ha venido realizando la extrema derecha. Tal vez lo que la opini\u00f3n nacional e internacional no ten\u00eda en su radar era las acciones totalmente instrumentalizadas a partir del lunes 29\u00bb, afirm\u00f3.<\/p>\n\n\n\n<p>\u00abSon cr\u00edmenes y se califica como delitos graves que en Venezuela se paga de 15 a 30 a\u00f1os de c\u00e1rcel. Usted no ha visto manifestaciones pac\u00edficas, sino una eliminaci\u00f3n de cuentas. Ahora quieren hacer un apag\u00f3n informativo\u00bb.<\/p>\n\n\n\n<p>EL TREN DEL LLANO<br>Asegur\u00f3 que est\u00e1n utilizando grupos estructurados de delincuencia organizada como \u2018El Tren del Llano\u2019 y asociados a grupos paramilitares. \u00abEst\u00e1n atacando unidades educativas, que es lo m\u00e1s cobarde que puede haber\u00bb.<\/p>\n\n\n\n<p>Record\u00f3 que en 2014 y 2017 se utilizaron a ni\u00f1os y adolescentes en actos violentos. \u00abSi hubo un acto al margen de la ley por parte de agentes del Estado, se castig\u00f3 por nuestra gesti\u00f3n; porque antes hubo impunidad e inacci\u00f3\u00bb.<\/p>\n\n\n\n<p>Saab hizo un llamado y advertencia a los organismos internacionales que, afirm\u00f3, han permitido la brutal masacre en Gaza. \u00abQuiero verlos aqu\u00ed defendiendo y llamando perseguidos pol\u00edticos a estos criminales que han marcado casas para quemarlas\u00bb.<\/p>\n\n\n\n<p>Saab design\u00f3 a la Fiscal\u00eda 2 Nacional para \u00abimputar a los responsables por los delitos de simulaci\u00f3n de hecho punible y difusi\u00f3n de mensajes que causan zozobra y p\u00e1nico a la poblaci\u00f3n\u2026 Ya est\u00e1n haciendo serialmente simulaciones, de hecho\u00bb.<br><strong><em>GS \/ Uni\u00f3n Radio<\/em><\/strong><\/p>\n","protected":false},"excerpt":{"rendered":"<p>ENTRE TORMENTAS. El fiscal general de la Rep\u00fablica, Tarek William Saab, inform\u00f3 que hasta el&#8230;<\/p>\n","protected":false},"author":2,"featured_media":5776,"comment_status":"closed","ping_status":"open","sticky":false,"template":"","format":"standard","meta":{"footnotes":""},"categories":[49],"tags":[],"class_list":["post-5775","post","type-post","status-publish","format-standard","has-post-thumbnail","hentry","category-nacionales"],"_links":{"self":[{"href":"https:\/\/entretormentas.com\/index.php?rest_route=\/wp\/v2\/posts\/5775","targetHints":{"allow":["GET"]}}],"collection":[{"href":"https:\/\/entretormentas.com\/index.php?rest_route=\/wp\/v2\/posts"}],"about":[{"href":"https:\/\/entretormentas.com\/index.php?rest_route=\/wp\/v2\/types\/post"}],"author":[{"embeddable":true,"href":"https:\/\/entretormentas.com\/index.php?rest_route=\/wp\/v2\/users\/2"}],"replies":[{"embeddable":true,"href":"https:\/\/entretormentas.com\/index.php?rest_route=%2Fwp%2Fv2%2Fcomments&post=5775"}],"version-history":[{"count":1,"href":"https:\/\/entretormentas.com\/index.php?rest_route=\/wp\/v2\/posts\/5775\/revisions"}],"predecessor-version":[{"id":5777,"href":"https:\/\/entretormentas.com\/index.php?rest_route=\/wp\/v2\/posts\/5775\/revisions\/5777"}],"wp:featuredmedia":[{"embeddable":true,"href":"https:\/\/entretormentas.com\/index.php?rest_route=\/wp\/v2\/media\/5776"}],"wp:attachment":[{"href":"https:\/\/entretormentas.com\/index.php?rest_route=%2Fwp%2Fv2%2Fmedia&parent=5775"}],"wp:term":[{"taxonomy":"category","embeddable":true,"href":"https:\/\/entretormentas.com\/index.php?rest_route=%2Fwp%2Fv2%2Fcategories&post=5775"},{"taxonomy":"post_tag","embeddable":true,"href":"https:\/\/entretormentas.com\/index.php?rest_route=%2Fwp%2Fv2%2Ftags&post=5775"}],"curies":[{"name":"wp","href":"https:\/\/api.w.org\/{rel}","templated":true}]}}