{"id":5781,"date":"2024-08-01T09:52:04","date_gmt":"2024-08-01T07:52:04","guid":{"rendered":"https:\/\/entretormentas.com\/?p=5781"},"modified":"2024-08-01T09:52:05","modified_gmt":"2024-08-01T07:52:05","slug":"en-maracaibo-oficialismo-toma-las-calles-en-respaldo-a-la-reeleccion-del-presidente-maduro","status":"publish","type":"post","link":"https:\/\/entretormentas.com\/en-maracaibo-oficialismo-toma-las-calles-en-respaldo-a-la-reeleccion-del-presidente-maduro\/","title":{"rendered":"\u00a1EN MARACAIBO! Oficialismo toma las calles en respaldo a la reelecci\u00f3n del presidente Maduro"},"content":{"rendered":"\n<p><strong>ENTRE TORMENTAS. <\/strong>En horas de la ma\u00f1ana de este mi\u00e9rcoles, militantes del Gran Polo Patri\u00f3tico salieron a las calles en respaldo a la victoria del presidente Nicol\u00e1s Maduro en una marcha \u00abcontra el fascismo\u00bb que inici\u00f3 su recorrido desde el parque Monumental Ana Mar\u00eda Campos hasta el Cuartel Libertador.<\/p>\n\n\n\n<p>Cientos de simpatizantes del oficialismo se hicieron sentir con banderas, afiches y consignas en apoyo a la reelecci\u00f3n del mandatario nacional, quien se alz\u00f3 con el triunfo en los comicios presidenciales del pasado 28 de julio tras sumar el 52 % de los votos, seg\u00fan el primer bolet\u00edn presentado por el Consejo Nacional Electoral.<\/p>\n\n\n\n<p>Juan Garc\u00eda, diputado a la Asamblea Nacional por el estado Zulia, indic\u00f3 a Versi\u00f3n Final que se debe respetar la voluntad de la mayor\u00eda de los venezolanos que participaron en el proceso electoral e indic\u00f3 que el CNE es el \u00fanico organismo autorizado para dar las cifras correspondientes a la elecci\u00f3n.<\/p>\n\n\n\n<p>\u00abSe ha pronunciado, el Consejo Nacional Electoral dio una cifra, hay un presidente reelecto. Esa voluntad tiene que ser respetada en el pa\u00eds y respetada por aquellos gobiernos que pretenden tener acciones injerencistas, pretenden hacer presi\u00f3n con unas cosas a las cuales ya estamos acostumbrados. Venezuela aprendi\u00f3 a votar, a elegir y tambi\u00e9n aprendimos a vencer guarimbas\u00bb, se\u00f1al\u00f3.<\/p>\n\n\n\n<p>El funcionario responsabiliz\u00f3 a Mar\u00eda Corina Machado y Edmundo Gonz\u00e1lez por los actos de violencia suscitados en el pa\u00eds y asegur\u00f3 que se est\u00e1n realizando las investigaciones para capturar a los responsables de generar zozobra en la poblaci\u00f3n.<\/p>\n\n\n\n<p>\u00abTodos van a ser puestos a la orden de la ley y tendr\u00e1n que pagar por lo que hicieron, nosotros seguimos trabajando junto al presidente Nicol\u00e1s Maduro por una Venezuela pr\u00f3spera segura y en paz\u00bb, sentenci\u00f3.<\/p>\n\n\n\n<figure class=\"wp-block-image size-full\"><img fetchpriority=\"high\" decoding=\"async\" width=\"720\" height=\"516\" src=\"https:\/\/entretormentas.com\/wp-content\/uploads\/2024\/08\/rojos2.jpg\" alt=\"\" class=\"wp-image-5782\" srcset=\"https:\/\/entretormentas.com\/wp-content\/uploads\/2024\/08\/rojos2.jpg 720w, https:\/\/entretormentas.com\/wp-content\/uploads\/2024\/08\/rojos2-300x215.jpg 300w\" sizes=\"(max-width: 720px) 100vw, 720px\" \/><\/figure>\n\n\n\n<p>La movilizaci\u00f3n, que cont\u00f3 con la presencia de un importante n\u00famero de personas, se realiz\u00f3 en un ambiente lleno de paz. Con cantos, bailes y mucha alegr\u00eda, los presentes llegaron a la sede del Cuartel Libertador, donde integrantes del cuerpo castrense esperaban en el balc\u00f3n ondeando el tricolor nacional.<\/p>\n\n\n\n<p>Tras llegar al sitio, varios dirigentes del oficialismo entregaron un documento al organismo militar para hacer un llamado a defender los resultados y mantener la paz en el pa\u00eds.<\/p>\n\n\n\n<p>En la actividad hicieron acto de presencia el alcalde del municipio Mara, Luis Caldera, y el presidente de Corpozulia, N\u00e9stor Reverol, quienes expresaron que acompa\u00f1ar\u00e1n las decisiones que se est\u00e1n toman desde el Consejo de Estado para la protecci\u00f3n de la paz y la estabilidad de la Rep\u00fablica Bolivariana de Venezuela.<br><strong><em>GS \/ Versi\u00f3n Final<\/em><\/strong><\/p>\n","protected":false},"excerpt":{"rendered":"<p>ENTRE TORMENTAS. En horas de la ma\u00f1ana de este mi\u00e9rcoles, militantes del Gran Polo Patri\u00f3tico&#8230;<\/p>\n","protected":false},"author":2,"featured_media":5783,"comment_status":"closed","ping_status":"open","sticky":false,"template":"","format":"standard","meta":{"footnotes":""},"categories":[57,1],"tags":[],"class_list":["post-5781","post","type-post","status-publish","format-standard","has-post-thumbnail","hentry","category-actualidad","category-regionales"],"_links":{"self":[{"href":"https:\/\/entretormentas.com\/index.php?rest_route=\/wp\/v2\/posts\/5781","targetHints":{"allow":["GET"]}}],"collection":[{"href":"https:\/\/entretormentas.com\/index.php?rest_route=\/wp\/v2\/posts"}],"about":[{"href":"https:\/\/entretormentas.com\/index.php?rest_route=\/wp\/v2\/types\/post"}],"author":[{"embeddable":true,"href":"https:\/\/entretormentas.com\/index.php?rest_route=\/wp\/v2\/users\/2"}],"replies":[{"embeddable":true,"href":"https:\/\/entretormentas.com\/index.php?rest_route=%2Fwp%2Fv2%2Fcomments&post=5781"}],"version-history":[{"count":1,"href":"https:\/\/entretormentas.com\/index.php?rest_route=\/wp\/v2\/posts\/5781\/revisions"}],"predecessor-version":[{"id":5784,"href":"https:\/\/entretormentas.com\/index.php?rest_route=\/wp\/v2\/posts\/5781\/revisions\/5784"}],"wp:featuredmedia":[{"embeddable":true,"href":"https:\/\/entretormentas.com\/index.php?rest_route=\/wp\/v2\/media\/5783"}],"wp:attachment":[{"href":"https:\/\/entretormentas.com\/index.php?rest_route=%2Fwp%2Fv2%2Fmedia&parent=5781"}],"wp:term":[{"taxonomy":"category","embeddable":true,"href":"https:\/\/entretormentas.com\/index.php?rest_route=%2Fwp%2Fv2%2Fcategories&post=5781"},{"taxonomy":"post_tag","embeddable":true,"href":"https:\/\/entretormentas.com\/index.php?rest_route=%2Fwp%2Fv2%2Ftags&post=5781"}],"curies":[{"name":"wp","href":"https:\/\/api.w.org\/{rel}","templated":true}]}}