{"id":5803,"date":"2024-08-02T10:04:00","date_gmt":"2024-08-02T08:04:00","guid":{"rendered":"https:\/\/entretormentas.com\/?p=5803"},"modified":"2024-08-02T10:04:01","modified_gmt":"2024-08-02T08:04:01","slug":"sobre-venezuela-colombia-aclara-por-que-se-abstuvo-de-aprobar-la-resolucion-de-la-oea","status":"publish","type":"post","link":"https:\/\/entretormentas.com\/sobre-venezuela-colombia-aclara-por-que-se-abstuvo-de-aprobar-la-resolucion-de-la-oea\/","title":{"rendered":"\u00a1SOBRE VENEZUELA! Colombia aclara por qu\u00e9 se abstuvo de aprobar la resoluci\u00f3n de la OEA"},"content":{"rendered":"\n<p><strong>ENTRE TORMENTAS. <\/strong>La Canciller\u00eda de Colombia emiti\u00f3 la noche de este mi\u00e9rcoles un comunicado, explicando su posici\u00f3n con respecto a Venezuela durante la sesi\u00f3n celebrada hoy por la Organizaci\u00f3n de Estados Am\u00e9rica nos (OEA).<\/p>\n\n\n\n<p>Con respecto a su abstenci\u00f3n en la votaci\u00f3n del \u00abProyecto de Resoluci\u00f3n sobre las elecciones en Venezuela del 28 de julio de 2024\u2033, Colombia recuerda que Venezuela ya no forma parte de la OEA.<\/p>\n\n\n\n<p>Por tal motivo \u00abeste foro multilateral no es el escenario correspondiente para abordar los temas relativos a la situaci\u00f3n pol\u00edtica venezolana\u00bb.<\/p>\n\n\n\n<p>Adem\u00e1s considera que en el pasado, algunas posiciones de la OEA con respecto a Venezuela se apartaron de la neutralidad.<\/p>\n\n\n\n<p>En tal sentido, Colombia aboga por \u00abmantener el di\u00e1logo entre las partes y evitar la violencia\u00bb en el pa\u00eds. Asimismo, la naci\u00f3n vecina indica que han sostenido conversaciones con el gobierno y la oposici\u00f3n venezolana.<\/p>\n\n\n\n<p>Colombia tambi\u00e9n mantiene di\u00e1logos con Brasil y M\u00e9xico para buscar un acuerdo de convivencia y paz en Venezuela.<\/p>\n\n\n\n<p>La OEA no pudo llegar el mi\u00e9rcoles a un consenso para presionar a Venezuela a publicar \u201cinmediatamente\u201d y verificar los resultados de las elecciones que dieron por ganador a Nicol\u00e1s Maduro.<\/p>\n\n\n\n<p>La resoluci\u00f3n instaba al CNE \u201ca que publique inmediatamente los resultados de la votaci\u00f3n\u201d y \u201cse lleve a cabo una verificaci\u00f3n integral de los resultados\u201d.<br><strong><em>GS \/ Agencias<\/em><\/strong><\/p>\n","protected":false},"excerpt":{"rendered":"<p>ENTRE TORMENTAS. La Canciller\u00eda de Colombia emiti\u00f3 la noche de este mi\u00e9rcoles un comunicado, explicando&#8230;<\/p>\n","protected":false},"author":2,"featured_media":5804,"comment_status":"closed","ping_status":"open","sticky":false,"template":"","format":"standard","meta":{"footnotes":""},"categories":[48],"tags":[],"class_list":["post-5803","post","type-post","status-publish","format-standard","has-post-thumbnail","hentry","category-internacionales"],"_links":{"self":[{"href":"https:\/\/entretormentas.com\/index.php?rest_route=\/wp\/v2\/posts\/5803","targetHints":{"allow":["GET"]}}],"collection":[{"href":"https:\/\/entretormentas.com\/index.php?rest_route=\/wp\/v2\/posts"}],"about":[{"href":"https:\/\/entretormentas.com\/index.php?rest_route=\/wp\/v2\/types\/post"}],"author":[{"embeddable":true,"href":"https:\/\/entretormentas.com\/index.php?rest_route=\/wp\/v2\/users\/2"}],"replies":[{"embeddable":true,"href":"https:\/\/entretormentas.com\/index.php?rest_route=%2Fwp%2Fv2%2Fcomments&post=5803"}],"version-history":[{"count":1,"href":"https:\/\/entretormentas.com\/index.php?rest_route=\/wp\/v2\/posts\/5803\/revisions"}],"predecessor-version":[{"id":5805,"href":"https:\/\/entretormentas.com\/index.php?rest_route=\/wp\/v2\/posts\/5803\/revisions\/5805"}],"wp:featuredmedia":[{"embeddable":true,"href":"https:\/\/entretormentas.com\/index.php?rest_route=\/wp\/v2\/media\/5804"}],"wp:attachment":[{"href":"https:\/\/entretormentas.com\/index.php?rest_route=%2Fwp%2Fv2%2Fmedia&parent=5803"}],"wp:term":[{"taxonomy":"category","embeddable":true,"href":"https:\/\/entretormentas.com\/index.php?rest_route=%2Fwp%2Fv2%2Fcategories&post=5803"},{"taxonomy":"post_tag","embeddable":true,"href":"https:\/\/entretormentas.com\/index.php?rest_route=%2Fwp%2Fv2%2Ftags&post=5803"}],"curies":[{"name":"wp","href":"https:\/\/api.w.org\/{rel}","templated":true}]}}