{"id":5806,"date":"2024-08-02T10:06:20","date_gmt":"2024-08-02T08:06:20","guid":{"rendered":"https:\/\/entretormentas.com\/?p=5806"},"modified":"2024-08-02T10:06:21","modified_gmt":"2024-08-02T08:06:21","slug":"preocupacion-sntp-alerta-por-el-aumento-de-ataques-al-gremio-periodistico","status":"publish","type":"post","link":"https:\/\/entretormentas.com\/preocupacion-sntp-alerta-por-el-aumento-de-ataques-al-gremio-periodistico\/","title":{"rendered":"\u00a1PREOCUPACI\u00d3N! SNTP alerta por el aumento de ataques al gremio period\u00edstico"},"content":{"rendered":"\n<p><strong>ENTRE TORMENTAS.<\/strong> Este mi\u00e9rcoles 31 de julio, el Sindicato Nacional de Trabajadores de la Prensa (SNTP), emiti\u00f3 un comunicado para informar sobre el aumento de los incidentes que enfrentan los profesionales de la comunicaci\u00f3n social desde el pasado domingo 28 del mes en curso hasta la actualidad.<\/p>\n\n\n\n<p>En el documento publicado a trav\u00e9s de sus redes sociales la SNTP explica que \u00abseg\u00fan sus verificaciones y contrastes propios, logrados con la participaci\u00f3n de m\u00e1s de 80 delegados voluntarios en todo el pa\u00eds, al menos 39 incidentes relacionados con ataques a periodistas y reporteros gr\u00e1ficos, en todo el pa\u00eds durante la cobertura de las protestas en el pa\u00eds\u00bb.<\/p>\n\n\n\n<p>El texto contin\u00faa \u00ablos estados con mayor n\u00famero de incidencias son Bol\u00edvar, Trujillo y el Distrito Capital, cada uno con cinco casos. En relaci\u00f3n a la naturaleza o categorizaci\u00f3n de estos hechos, se han documentado 17 casos de impedimentos a la cobertura, 10 de intimidaci\u00f3n, 6 detenciones, 2 robos, una deportaci\u00f3n, un herido y el cierre de un programa de radio\u00bb.<\/p>\n\n\n\n<p>Por \u00faltimo, el SNTP \u00abexige respeto para el ejercicio period\u00edstico, fundamental en estos d\u00edas\u2026 como lo establece la Constituci\u00f3n de la Rep\u00fablica, a una informaci\u00f3n equilibrada, oportuna, veraz, justa e independiente\u00bb.<br><strong><em>GS \/ Agencias<\/em><\/strong><\/p>\n","protected":false},"excerpt":{"rendered":"<p>ENTRE TORMENTAS. Este mi\u00e9rcoles 31 de julio, el Sindicato Nacional de Trabajadores de la Prensa&#8230;<\/p>\n","protected":false},"author":2,"featured_media":5807,"comment_status":"closed","ping_status":"open","sticky":false,"template":"","format":"standard","meta":{"footnotes":""},"categories":[57,49],"tags":[],"class_list":["post-5806","post","type-post","status-publish","format-standard","has-post-thumbnail","hentry","category-actualidad","category-nacionales"],"_links":{"self":[{"href":"https:\/\/entretormentas.com\/index.php?rest_route=\/wp\/v2\/posts\/5806","targetHints":{"allow":["GET"]}}],"collection":[{"href":"https:\/\/entretormentas.com\/index.php?rest_route=\/wp\/v2\/posts"}],"about":[{"href":"https:\/\/entretormentas.com\/index.php?rest_route=\/wp\/v2\/types\/post"}],"author":[{"embeddable":true,"href":"https:\/\/entretormentas.com\/index.php?rest_route=\/wp\/v2\/users\/2"}],"replies":[{"embeddable":true,"href":"https:\/\/entretormentas.com\/index.php?rest_route=%2Fwp%2Fv2%2Fcomments&post=5806"}],"version-history":[{"count":1,"href":"https:\/\/entretormentas.com\/index.php?rest_route=\/wp\/v2\/posts\/5806\/revisions"}],"predecessor-version":[{"id":5808,"href":"https:\/\/entretormentas.com\/index.php?rest_route=\/wp\/v2\/posts\/5806\/revisions\/5808"}],"wp:featuredmedia":[{"embeddable":true,"href":"https:\/\/entretormentas.com\/index.php?rest_route=\/wp\/v2\/media\/5807"}],"wp:attachment":[{"href":"https:\/\/entretormentas.com\/index.php?rest_route=%2Fwp%2Fv2%2Fmedia&parent=5806"}],"wp:term":[{"taxonomy":"category","embeddable":true,"href":"https:\/\/entretormentas.com\/index.php?rest_route=%2Fwp%2Fv2%2Fcategories&post=5806"},{"taxonomy":"post_tag","embeddable":true,"href":"https:\/\/entretormentas.com\/index.php?rest_route=%2Fwp%2Fv2%2Ftags&post=5806"}],"curies":[{"name":"wp","href":"https:\/\/api.w.org\/{rel}","templated":true}]}}