{"id":5809,"date":"2024-08-02T10:08:24","date_gmt":"2024-08-02T08:08:24","guid":{"rendered":"https:\/\/entretormentas.com\/?p=5809"},"modified":"2024-08-02T10:08:25","modified_gmt":"2024-08-02T08:08:25","slug":"sin-anunciar-fecha-el-kremlin-preparara-la-visita-de-nicolas-maduro-a-rusia","status":"publish","type":"post","link":"https:\/\/entretormentas.com\/sin-anunciar-fecha-el-kremlin-preparara-la-visita-de-nicolas-maduro-a-rusia\/","title":{"rendered":"\u00a1SIN ANUNCIAR FECHA! El Kremlin preparar\u00e1 la visita de Nicol\u00e1s Maduro a Rusia"},"content":{"rendered":"\n<p><strong>ENTRE TORMENTAS.<\/strong> El Kremlin asegur\u00f3 este jueves que activar\u00e1 los preparativos para una visita del presidente de Venezuela, Nicol\u00e1s Maduro, al pa\u00eds, ahora que Rusia le da como ganador de las elecciones presidenciales del pasado domingo.<\/p>\n\n\n\n<p>\u00abAhora que \u00e9l se ha convertido en ganador de las elecciones, se puede suponer que, por supuesto, los preparativos se activar\u00e1n\u00bb, dijo en declaraciones a la emisora de radio Komsom\u00f3lskaya Pravda.<\/p>\n\n\n\n<p>Peskov reconoci\u00f3 que la visita se preparaba desde hace mucho tiempo, pero que fue imposible compaginar la agenda de Maduro y el jefe del Kremlin, Vlad\u00edmir Putin, tras lo que, adem\u00e1s, comenz\u00f3 la campa\u00f1a electoral en Venezuela, detalla Uni\u00f3n Radio.<\/p>\n\n\n\n<p>Ahora, a\u00f1adi\u00f3, la visita \u00abtendr\u00e1 lugar en los plazos que los l\u00edderes consideren adecuados\u00bb.<br><strong><em>GS \/ Agencias<\/em><\/strong><\/p>\n","protected":false},"excerpt":{"rendered":"<p>ENTRE TORMENTAS. El Kremlin asegur\u00f3 este jueves que activar\u00e1 los preparativos para una visita del&#8230;<\/p>\n","protected":false},"author":2,"featured_media":5810,"comment_status":"closed","ping_status":"open","sticky":false,"template":"","format":"standard","meta":{"footnotes":""},"categories":[48],"tags":[],"class_list":["post-5809","post","type-post","status-publish","format-standard","has-post-thumbnail","hentry","category-internacionales"],"_links":{"self":[{"href":"https:\/\/entretormentas.com\/index.php?rest_route=\/wp\/v2\/posts\/5809","targetHints":{"allow":["GET"]}}],"collection":[{"href":"https:\/\/entretormentas.com\/index.php?rest_route=\/wp\/v2\/posts"}],"about":[{"href":"https:\/\/entretormentas.com\/index.php?rest_route=\/wp\/v2\/types\/post"}],"author":[{"embeddable":true,"href":"https:\/\/entretormentas.com\/index.php?rest_route=\/wp\/v2\/users\/2"}],"replies":[{"embeddable":true,"href":"https:\/\/entretormentas.com\/index.php?rest_route=%2Fwp%2Fv2%2Fcomments&post=5809"}],"version-history":[{"count":1,"href":"https:\/\/entretormentas.com\/index.php?rest_route=\/wp\/v2\/posts\/5809\/revisions"}],"predecessor-version":[{"id":5811,"href":"https:\/\/entretormentas.com\/index.php?rest_route=\/wp\/v2\/posts\/5809\/revisions\/5811"}],"wp:featuredmedia":[{"embeddable":true,"href":"https:\/\/entretormentas.com\/index.php?rest_route=\/wp\/v2\/media\/5810"}],"wp:attachment":[{"href":"https:\/\/entretormentas.com\/index.php?rest_route=%2Fwp%2Fv2%2Fmedia&parent=5809"}],"wp:term":[{"taxonomy":"category","embeddable":true,"href":"https:\/\/entretormentas.com\/index.php?rest_route=%2Fwp%2Fv2%2Fcategories&post=5809"},{"taxonomy":"post_tag","embeddable":true,"href":"https:\/\/entretormentas.com\/index.php?rest_route=%2Fwp%2Fv2%2Ftags&post=5809"}],"curies":[{"name":"wp","href":"https:\/\/api.w.org\/{rel}","templated":true}]}}