{"id":6529,"date":"2024-08-19T09:20:03","date_gmt":"2024-08-19T07:20:03","guid":{"rendered":"https:\/\/entretormentas.com\/?p=6529"},"modified":"2024-08-19T09:20:04","modified_gmt":"2024-08-19T07:20:04","slug":"por-eeuu-anuncian-inicio-de-repatriacion-de-inmigrantes-irregulares-desde-panama","status":"publish","type":"post","link":"https:\/\/entretormentas.com\/por-eeuu-anuncian-inicio-de-repatriacion-de-inmigrantes-irregulares-desde-panama\/","title":{"rendered":"\u00a1POR EEUU! Anuncian inicio de repatriaci\u00f3n de inmigrantes irregulares desde Panam\u00e1"},"content":{"rendered":"\n<p><strong>ENTRE TORMENTAS. <\/strong>El presidente de Panam\u00e1, Jos\u00e9 Ra\u00fal Mulino, anunci\u00f3 en Rep\u00fablica Dominicana el inicio de los vuelos de repatriaci\u00f3n por Estados Unidos de emigrantes irregulares que entran al pa\u00eds por la selva del Dari\u00e9n, seg\u00fan informes este s\u00e1bado de la prensa paname\u00f1a.<\/p>\n\n\n\n<p>\u00abEl d\u00eda 20 inician los vuelos\u00bb, dijo el mandatario a la cadena de estadounidense de televisi\u00f3n Univisi\u00f3n durante una entrevista en Santo Domingo, a donde viaj\u00f3 el jueves 15 para asistir a la ceremonia de juramentaci\u00f3n del presidente Luis Abinader el d\u00eda siguiente.<\/p>\n\n\n\n<p>El gobernante confirm\u00f3 que los costos de las repatriaciones por v\u00eda a\u00e9rea ser\u00e1n asumidos por el gobierno de Estados Unidos como establece un convenio suscrito por ambas partes el 1 de julio pasado, cuando asumi\u00f3 la presidencia de la rep\u00fablica tras ganar las elecciones del 5 de mayo con el 34 por ciento de los votos.<\/p>\n\n\n\n<p>\u00abEstados Unidos, sin costo alguno para Panam\u00e1\u00bb, precis\u00f3, aludiendo que se trata de un problema de ese pa\u00eds, destino final de los emigrantes. \u00abReitero, es su problema, la frontera est\u00e1 en Dari\u00e9n, no en Texas\u00bb, afirm\u00f3.<\/p>\n\n\n\n<p>Mulino dijo el jueves en una conferencia de prensa que el tema lo habl\u00f3 con el presidente estadounidense, Joe Biden, quien le llam\u00f3 por tel\u00e9fono el mi\u00e9rcoles anterior en la tarde, a quien dijo le expres\u00f3 tener mucho inter\u00e9s en el comienzo de los vuelos.<\/p>\n\n\n\n<p>Seg\u00fan un comunicado oficial de la Presidencia de Panam\u00e1, Biden dijo que Estados Unidos est\u00e1 listo para implementar el acuerdo.<\/p>\n\n\n\n<p>Aunque en el acuerdo se estableci\u00f3 que el pago de los vuelos lo iba a asumir Estados Unidos, Mulino inform\u00f3 que Panam\u00e1 ya pag\u00f3 uno y est\u00e1 en proceso de hacerlo con otro, ambos con destino a R\u00edo Negro, Colombia.<\/p>\n\n\n\n<p>En este segundo vuelo ir\u00e1n personas del mal vivir, con perfiles muy identificados con crimen organizado, con trata, con violencia, en fin, pero van pa&#8217; ll\u00e1\u00bb, apunt\u00f3.<\/p>\n\n\n\n<p>El presidente paname\u00f1o inform\u00f3 que hasta el mi\u00e9rcoles 14 hab\u00edan ingresado a Panam\u00e1 por la frontera con Colombia 225 mil 277 migrantes irregulares, una cifra que dijo representa una disminuci\u00f3n en comparaci\u00f3n con el a\u00f1o pasado.<br><strong><em>GS \/ Agencias<\/em><\/strong><\/p>\n","protected":false},"excerpt":{"rendered":"<p>ENTRE TORMENTAS. El presidente de Panam\u00e1, Jos\u00e9 Ra\u00fal Mulino, anunci\u00f3 en Rep\u00fablica Dominicana el inicio&#8230;<\/p>\n","protected":false},"author":2,"featured_media":6530,"comment_status":"closed","ping_status":"open","sticky":false,"template":"","format":"standard","meta":{"footnotes":""},"categories":[57,48],"tags":[],"class_list":["post-6529","post","type-post","status-publish","format-standard","has-post-thumbnail","hentry","category-actualidad","category-internacionales"],"_links":{"self":[{"href":"https:\/\/entretormentas.com\/index.php?rest_route=\/wp\/v2\/posts\/6529","targetHints":{"allow":["GET"]}}],"collection":[{"href":"https:\/\/entretormentas.com\/index.php?rest_route=\/wp\/v2\/posts"}],"about":[{"href":"https:\/\/entretormentas.com\/index.php?rest_route=\/wp\/v2\/types\/post"}],"author":[{"embeddable":true,"href":"https:\/\/entretormentas.com\/index.php?rest_route=\/wp\/v2\/users\/2"}],"replies":[{"embeddable":true,"href":"https:\/\/entretormentas.com\/index.php?rest_route=%2Fwp%2Fv2%2Fcomments&post=6529"}],"version-history":[{"count":1,"href":"https:\/\/entretormentas.com\/index.php?rest_route=\/wp\/v2\/posts\/6529\/revisions"}],"predecessor-version":[{"id":6531,"href":"https:\/\/entretormentas.com\/index.php?rest_route=\/wp\/v2\/posts\/6529\/revisions\/6531"}],"wp:featuredmedia":[{"embeddable":true,"href":"https:\/\/entretormentas.com\/index.php?rest_route=\/wp\/v2\/media\/6530"}],"wp:attachment":[{"href":"https:\/\/entretormentas.com\/index.php?rest_route=%2Fwp%2Fv2%2Fmedia&parent=6529"}],"wp:term":[{"taxonomy":"category","embeddable":true,"href":"https:\/\/entretormentas.com\/index.php?rest_route=%2Fwp%2Fv2%2Fcategories&post=6529"},{"taxonomy":"post_tag","embeddable":true,"href":"https:\/\/entretormentas.com\/index.php?rest_route=%2Fwp%2Fv2%2Ftags&post=6529"}],"curies":[{"name":"wp","href":"https:\/\/api.w.org\/{rel}","templated":true}]}}