{"id":6541,"date":"2024-08-20T10:23:23","date_gmt":"2024-08-20T08:23:23","guid":{"rendered":"https:\/\/entretormentas.com\/?p=6541"},"modified":"2024-08-20T10:23:24","modified_gmt":"2024-08-20T08:23:24","slug":"alcalde-ramirez-colina-mostrar-los-resultados-del-28-j-es-lo-justo-lo-democratico-y-lo-transparente","status":"publish","type":"post","link":"https:\/\/entretormentas.com\/alcalde-ramirez-colina-mostrar-los-resultados-del-28-j-es-lo-justo-lo-democratico-y-lo-transparente\/","title":{"rendered":"ALCALDE RAM\u00cdREZ COLINA: \u00abMostrar los resultados del 28-J es lo justo, lo democr\u00e1tico y lo transparente\u00bb"},"content":{"rendered":"\n<p><strong>ENTRE TORMENTAS. <\/strong>Rafael Ram\u00edrez Colina, alcalde de Maracaibo, se pronunci\u00f3 este lunes sobre la falta de publicaci\u00f3n de los resultados electorales por parte del Consejo Nacional Electoral (CNE), tras pasar 22 d\u00edas de la consumaci\u00f3n del proceso eleccionario del 28 de julio.<\/p>\n\n\n\n<p>Ram\u00edrez indic\u00f3 en sus cuentas de redes sociales que de esta manera el CNE rompe \u00abla costumbre de publicar inmediatamente los resultados detallados\u00bb.<\/p>\n\n\n\n<p>Sostiene el mandatario local que \u00abEl CNE debe permitir la verificaci\u00f3n de los resultados a trav\u00e9s de la publicaci\u00f3n, revisi\u00f3n y comprobaci\u00f3n de las actas en cada mesa electoral del pa\u00eds. Eso es lo justo, lo democr\u00e1tico y lo transparente\u00bb.<\/p>\n\n\n\n<p>Asegura en su mensaje que de esta manera se expresa \u00abLa verdad\u00bb la cual considera \u00abes el camino a la PAZ que todo el pa\u00eds quiere\u00bb.<br><strong><em>GS \/ Foco Informativo<\/em><\/strong><\/p>\n","protected":false},"excerpt":{"rendered":"<p>ENTRE TORMENTAS. Rafael Ram\u00edrez Colina, alcalde de Maracaibo, se pronunci\u00f3 este lunes sobre la falta&#8230;<\/p>\n","protected":false},"author":2,"featured_media":6542,"comment_status":"closed","ping_status":"open","sticky":false,"template":"","format":"standard","meta":{"footnotes":""},"categories":[57,1],"tags":[],"class_list":["post-6541","post","type-post","status-publish","format-standard","has-post-thumbnail","hentry","category-actualidad","category-regionales"],"_links":{"self":[{"href":"https:\/\/entretormentas.com\/index.php?rest_route=\/wp\/v2\/posts\/6541","targetHints":{"allow":["GET"]}}],"collection":[{"href":"https:\/\/entretormentas.com\/index.php?rest_route=\/wp\/v2\/posts"}],"about":[{"href":"https:\/\/entretormentas.com\/index.php?rest_route=\/wp\/v2\/types\/post"}],"author":[{"embeddable":true,"href":"https:\/\/entretormentas.com\/index.php?rest_route=\/wp\/v2\/users\/2"}],"replies":[{"embeddable":true,"href":"https:\/\/entretormentas.com\/index.php?rest_route=%2Fwp%2Fv2%2Fcomments&post=6541"}],"version-history":[{"count":1,"href":"https:\/\/entretormentas.com\/index.php?rest_route=\/wp\/v2\/posts\/6541\/revisions"}],"predecessor-version":[{"id":6543,"href":"https:\/\/entretormentas.com\/index.php?rest_route=\/wp\/v2\/posts\/6541\/revisions\/6543"}],"wp:featuredmedia":[{"embeddable":true,"href":"https:\/\/entretormentas.com\/index.php?rest_route=\/wp\/v2\/media\/6542"}],"wp:attachment":[{"href":"https:\/\/entretormentas.com\/index.php?rest_route=%2Fwp%2Fv2%2Fmedia&parent=6541"}],"wp:term":[{"taxonomy":"category","embeddable":true,"href":"https:\/\/entretormentas.com\/index.php?rest_route=%2Fwp%2Fv2%2Fcategories&post=6541"},{"taxonomy":"post_tag","embeddable":true,"href":"https:\/\/entretormentas.com\/index.php?rest_route=%2Fwp%2Fv2%2Ftags&post=6541"}],"curies":[{"name":"wp","href":"https:\/\/api.w.org\/{rel}","templated":true}]}}