{"id":6594,"date":"2024-08-21T10:23:31","date_gmt":"2024-08-21T08:23:31","guid":{"rendered":"https:\/\/entretormentas.com\/?p=6594"},"modified":"2024-08-21T10:23:31","modified_gmt":"2024-08-21T08:23:31","slug":"jesus-faria-las-sanciones-ya-no-son-un-obstaculo-para-que-la-economia-retome-su-dinamismo","status":"publish","type":"post","link":"https:\/\/entretormentas.com\/jesus-faria-las-sanciones-ya-no-son-un-obstaculo-para-que-la-economia-retome-su-dinamismo\/","title":{"rendered":"JES\u00daS FAR\u00cdA: \u00abLas sanciones ya no son un obst\u00e1culo para que la econom\u00eda retome su dinamismo\u00bb"},"content":{"rendered":"\n<p><strong>ENTRE TORMENTAS. <\/strong>Jes\u00fas Far\u00eda, economista y diputado a la Asamblea Nacional (AN), apunt\u00f3 que los Estados Unidos no pueden estar aplicando sanciones, \u00abpero lo hacen porque con su arrogancia violenta las normas internacionales y ataca a los pueblos del mundo, entre ellos a Venezuela\u00bb.<\/p>\n\n\n\n<p>Para el economista y presidente de la Comisi\u00f3n de Econom\u00eda, Finanzas y Desarrollo Nacional de la Asamblea Nacional en el pa\u00eds \u00abreina la confianza y el clima de trabajo para desplegar las fuerzas productivas y creadoras del pueblo, en funci\u00f3n del desarrollo de la naci\u00f3n\u00bb.<\/p>\n\n\n\n<p>Asimismo, precis\u00f3 que la gente quiere \u00abtranquilidad para que se desarrolle la econom\u00eda, haya progreso y eso se traduzca en beneficios y bienestar\u00bb para los venezolanos.<\/p>\n\n\n\n<p>Sostuvo que el tema de las sanciones a Venezuela \u00abha retomado su espacio\u00bb en la agenda de la pol\u00edtica norteamericana, as\u00ed como en el discurso de \u00abla gente absolutamente desarraigada de la realidad nacional y de los intereses del pa\u00eds\u00bb.<\/p>\n\n\n\n<p>Far\u00eda record\u00f3 que la econom\u00eda venezolana creci\u00f3 15 % en el a\u00f1o 2022, en el a\u00f1o 2023 se ubic\u00f3 por encima del 5 % y en el primer semestre de 2024, \u00abcrecimos en m\u00e1s de un 8 %, lo cual se corresponde con la proyecci\u00f3n del Gobierno\u00bb.<\/p>\n\n\n\n<p>En ese sentido, destac\u00f3 en Globovisi\u00f3n que \u00abya las sanciones no impiden, ya no son un obst\u00e1culo para que la econom\u00eda retome su dinamismo y a partir de all\u00ed, el Estado pueda abocarse a los grandes problemas. Con eso no nos van a chantajear, no nos van a intimidar\u00bb.<br><strong><em>GS \/ Agencias<\/em><\/strong><\/p>\n","protected":false},"excerpt":{"rendered":"<p>ENTRE TORMENTAS. Jes\u00fas Far\u00eda, economista y diputado a la Asamblea Nacional (AN), apunt\u00f3 que los&#8230;<\/p>\n","protected":false},"author":2,"featured_media":6595,"comment_status":"closed","ping_status":"open","sticky":false,"template":"","format":"standard","meta":{"footnotes":""},"categories":[56,49],"tags":[],"class_list":["post-6594","post","type-post","status-publish","format-standard","has-post-thumbnail","hentry","category-destacadas","category-nacionales"],"_links":{"self":[{"href":"https:\/\/entretormentas.com\/index.php?rest_route=\/wp\/v2\/posts\/6594","targetHints":{"allow":["GET"]}}],"collection":[{"href":"https:\/\/entretormentas.com\/index.php?rest_route=\/wp\/v2\/posts"}],"about":[{"href":"https:\/\/entretormentas.com\/index.php?rest_route=\/wp\/v2\/types\/post"}],"author":[{"embeddable":true,"href":"https:\/\/entretormentas.com\/index.php?rest_route=\/wp\/v2\/users\/2"}],"replies":[{"embeddable":true,"href":"https:\/\/entretormentas.com\/index.php?rest_route=%2Fwp%2Fv2%2Fcomments&post=6594"}],"version-history":[{"count":1,"href":"https:\/\/entretormentas.com\/index.php?rest_route=\/wp\/v2\/posts\/6594\/revisions"}],"predecessor-version":[{"id":6596,"href":"https:\/\/entretormentas.com\/index.php?rest_route=\/wp\/v2\/posts\/6594\/revisions\/6596"}],"wp:featuredmedia":[{"embeddable":true,"href":"https:\/\/entretormentas.com\/index.php?rest_route=\/wp\/v2\/media\/6595"}],"wp:attachment":[{"href":"https:\/\/entretormentas.com\/index.php?rest_route=%2Fwp%2Fv2%2Fmedia&parent=6594"}],"wp:term":[{"taxonomy":"category","embeddable":true,"href":"https:\/\/entretormentas.com\/index.php?rest_route=%2Fwp%2Fv2%2Fcategories&post=6594"},{"taxonomy":"post_tag","embeddable":true,"href":"https:\/\/entretormentas.com\/index.php?rest_route=%2Fwp%2Fv2%2Ftags&post=6594"}],"curies":[{"name":"wp","href":"https:\/\/api.w.org\/{rel}","templated":true}]}}