{"id":6601,"date":"2024-08-21T10:29:08","date_gmt":"2024-08-21T08:29:08","guid":{"rendered":"https:\/\/entretormentas.com\/?p=6601"},"modified":"2024-08-21T10:29:09","modified_gmt":"2024-08-21T08:29:09","slug":"los-vinculan-a-la-oposicion-detienen-al-viceministro-del-servicio-penitenciario-y-10-funcionarios-mas","status":"publish","type":"post","link":"https:\/\/entretormentas.com\/los-vinculan-a-la-oposicion-detienen-al-viceministro-del-servicio-penitenciario-y-10-funcionarios-mas\/","title":{"rendered":"\u00a1LOS VINCULAN A LA OPOSICI\u00d3N! Detienen al viceministro del servicio penitenciario y 10 funcionarios m\u00e1s"},"content":{"rendered":"\n<p><strong>ENTRE TORMENTAS. <\/strong>Por estar implicados en presuntos planes estructurados por sectores opositores y con el fin de activar a privados de libertad en diversas manifestaciones, funcionarios de la Direcci\u00f3n General de Contrainteligencia Militar (Dgcim) detuvieron a 10 funcionarios del Ministerio para el Servicio Penitenciario este lunes 19 de agosto, aseguraron fuentes judiciales.<\/p>\n\n\n\n<p>Siete de los detenidos, figuraban como custodios del Internado Judicial El Rodeo II, son se\u00f1alados de tener \u00f3rdenes de liberar a algunos presos para que salieran \u00aba protagonizar hechos de violencia\u00bb, se\u00f1alaron las fuentes.<\/p>\n\n\n\n<p>Adem\u00e1s de los 10 detenidos, se conoci\u00f3 que el Dgcim tiene bajo su custodia al viceministro del Servicio Penitenciario Kevin \u00c1vila, a quien interrogan respecto a estos planes mencionados. De igual forma, el director general de Seguridad y Custodia, as\u00ed como el director general de Establecimiento Penitenciarios tambi\u00e9n se encuentran retenidos.<\/p>\n\n\n\n<p>Estos funcionarios fueron \u00abpresuntamente delatados por Luis Y\u00e1\u00f1ez (Valle), pran de El Rodeo II y quien a su vez fue contactado por el exdiputado opositor Gilber Caro\u00bb.<br><strong><em>GS \/ \u00daltimas Noticias<\/em><\/strong><\/p>\n","protected":false},"excerpt":{"rendered":"<p>ENTRE TORMENTAS. Por estar implicados en presuntos planes estructurados por sectores opositores y con el&#8230;<\/p>\n","protected":false},"author":2,"featured_media":6602,"comment_status":"closed","ping_status":"open","sticky":false,"template":"","format":"standard","meta":{"footnotes":""},"categories":[56,49],"tags":[],"class_list":["post-6601","post","type-post","status-publish","format-standard","has-post-thumbnail","hentry","category-destacadas","category-nacionales"],"_links":{"self":[{"href":"https:\/\/entretormentas.com\/index.php?rest_route=\/wp\/v2\/posts\/6601","targetHints":{"allow":["GET"]}}],"collection":[{"href":"https:\/\/entretormentas.com\/index.php?rest_route=\/wp\/v2\/posts"}],"about":[{"href":"https:\/\/entretormentas.com\/index.php?rest_route=\/wp\/v2\/types\/post"}],"author":[{"embeddable":true,"href":"https:\/\/entretormentas.com\/index.php?rest_route=\/wp\/v2\/users\/2"}],"replies":[{"embeddable":true,"href":"https:\/\/entretormentas.com\/index.php?rest_route=%2Fwp%2Fv2%2Fcomments&post=6601"}],"version-history":[{"count":1,"href":"https:\/\/entretormentas.com\/index.php?rest_route=\/wp\/v2\/posts\/6601\/revisions"}],"predecessor-version":[{"id":6603,"href":"https:\/\/entretormentas.com\/index.php?rest_route=\/wp\/v2\/posts\/6601\/revisions\/6603"}],"wp:featuredmedia":[{"embeddable":true,"href":"https:\/\/entretormentas.com\/index.php?rest_route=\/wp\/v2\/media\/6602"}],"wp:attachment":[{"href":"https:\/\/entretormentas.com\/index.php?rest_route=%2Fwp%2Fv2%2Fmedia&parent=6601"}],"wp:term":[{"taxonomy":"category","embeddable":true,"href":"https:\/\/entretormentas.com\/index.php?rest_route=%2Fwp%2Fv2%2Fcategories&post=6601"},{"taxonomy":"post_tag","embeddable":true,"href":"https:\/\/entretormentas.com\/index.php?rest_route=%2Fwp%2Fv2%2Ftags&post=6601"}],"curies":[{"name":"wp","href":"https:\/\/api.w.org\/{rel}","templated":true}]}}