{"id":6610,"date":"2024-08-21T10:35:33","date_gmt":"2024-08-21T08:35:33","guid":{"rendered":"https:\/\/entretormentas.com\/?p=6610"},"modified":"2024-08-21T10:35:34","modified_gmt":"2024-08-21T08:35:34","slug":"dispuesto-a-dialogar-edmundo-llama-a-maduro-a-dar-el-paso-ya-para-iniciar-la-transicion","status":"publish","type":"post","link":"https:\/\/entretormentas.com\/dispuesto-a-dialogar-edmundo-llama-a-maduro-a-dar-el-paso-ya-para-iniciar-la-transicion\/","title":{"rendered":"\u00a1DISPUESTO A DIALOGAR! Edmundo llama a Maduro a \u00abdar el paso ya\u00bb para iniciar la transici\u00f3n"},"content":{"rendered":"\n<p><strong>ENTRE TORMENTAS. <\/strong>El abanderado de la oposici\u00f3n, Edmundo Gonz\u00e1lez Urrutia, llam\u00f3 a Nicol\u00e1s Maduro a \u00abdar el paso ya\u00bb para comenzar \u00abuna transici\u00f3n en paz\u00bb, para lo que el antichavista dijo estar dispuesto a un di\u00e1logo pol\u00edtico.<\/p>\n\n\n\n<p>A trav\u00e9s de un video publicado en redes sociales, el l\u00edder de la Plataforma Unitaria Democr\u00e1tica (PUD) inst\u00f3 a Maduro y su gobierno a \u00abponerse a un lado y dar el paso ya para empezar una transici\u00f3n en paz\u00bb.<\/p>\n\n\n\n<p>Asimismo, Gonz\u00e1lez Urrutia expres\u00f3 que los ciudadanos se mantienen \u00abfirmes\u00bb en su exigencia de que \u00abse reconozca la decisi\u00f3n de cambio en paz expresada\u00bb en las elecciones, cuyo resultado oficial dio la victoria al l\u00edder chavista.<\/p>\n\n\n\n<p>A su juicio, \u00abcada d\u00eda\u00bb que las autoridades \u00abentorpecen la transici\u00f3n democr\u00e1tica, los venezolanos sufren un pa\u00eds en crisis y sin libertad\u00bb, por lo que reiter\u00f3 que \u00abaferrarse al poder solo agudiza el sufrimiento\u00bb de los ciudadanos.<\/p>\n\n\n\n<p>\u00abEs nuestra hora, la hora de millones de venezolanos que deseamos dar lo mejor de nuestras vidas para la reconstrucci\u00f3n de nuestra patria. Toda Venezuela exige que hagamos los esfuerzos necesarios para que se respete la soberan\u00eda popular, por eso estoy dispuesto al di\u00e1logo pol\u00edtico para comenzar la definitiva transformaci\u00f3n democr\u00e1tica de nuestra naci\u00f3n\u00bb, agreg\u00f3.<br><strong><em>GS \/ Contrapunto<\/em><\/strong><\/p>\n","protected":false},"excerpt":{"rendered":"<p>ENTRE TORMENTAS. El abanderado de la oposici\u00f3n, Edmundo Gonz\u00e1lez Urrutia, llam\u00f3 a Nicol\u00e1s Maduro a&#8230;<\/p>\n","protected":false},"author":2,"featured_media":6611,"comment_status":"closed","ping_status":"open","sticky":false,"template":"","format":"standard","meta":{"footnotes":""},"categories":[56,49],"tags":[],"class_list":["post-6610","post","type-post","status-publish","format-standard","has-post-thumbnail","hentry","category-destacadas","category-nacionales"],"_links":{"self":[{"href":"https:\/\/entretormentas.com\/index.php?rest_route=\/wp\/v2\/posts\/6610","targetHints":{"allow":["GET"]}}],"collection":[{"href":"https:\/\/entretormentas.com\/index.php?rest_route=\/wp\/v2\/posts"}],"about":[{"href":"https:\/\/entretormentas.com\/index.php?rest_route=\/wp\/v2\/types\/post"}],"author":[{"embeddable":true,"href":"https:\/\/entretormentas.com\/index.php?rest_route=\/wp\/v2\/users\/2"}],"replies":[{"embeddable":true,"href":"https:\/\/entretormentas.com\/index.php?rest_route=%2Fwp%2Fv2%2Fcomments&post=6610"}],"version-history":[{"count":1,"href":"https:\/\/entretormentas.com\/index.php?rest_route=\/wp\/v2\/posts\/6610\/revisions"}],"predecessor-version":[{"id":6612,"href":"https:\/\/entretormentas.com\/index.php?rest_route=\/wp\/v2\/posts\/6610\/revisions\/6612"}],"wp:featuredmedia":[{"embeddable":true,"href":"https:\/\/entretormentas.com\/index.php?rest_route=\/wp\/v2\/media\/6611"}],"wp:attachment":[{"href":"https:\/\/entretormentas.com\/index.php?rest_route=%2Fwp%2Fv2%2Fmedia&parent=6610"}],"wp:term":[{"taxonomy":"category","embeddable":true,"href":"https:\/\/entretormentas.com\/index.php?rest_route=%2Fwp%2Fv2%2Fcategories&post=6610"},{"taxonomy":"post_tag","embeddable":true,"href":"https:\/\/entretormentas.com\/index.php?rest_route=%2Fwp%2Fv2%2Ftags&post=6610"}],"curies":[{"name":"wp","href":"https:\/\/api.w.org\/{rel}","templated":true}]}}