{"id":6613,"date":"2024-08-21T10:37:59","date_gmt":"2024-08-21T08:37:59","guid":{"rendered":"https:\/\/entretormentas.com\/?p=6613"},"modified":"2024-08-21T10:38:00","modified_gmt":"2024-08-21T08:38:00","slug":"por-vinculos-con-el-psuv-enrique-marquez-solicita-recusacion-de-la-presidenta-de-la-sala-electoral-del-tsj","status":"publish","type":"post","link":"https:\/\/entretormentas.com\/por-vinculos-con-el-psuv-enrique-marquez-solicita-recusacion-de-la-presidenta-de-la-sala-electoral-del-tsj\/","title":{"rendered":"\u00a1POR V\u00cdNCULOS CON EL PSUV! Enrique M\u00e1rquez solicita recusaci\u00f3n de la presidenta de la Sala Electoral del TSJ"},"content":{"rendered":"\n<p><strong>ENTRE TORMENTAS.<\/strong> Este martes 20 de agosto el excandidato presidencial, Enrique M\u00e1rquez, present\u00f3 una solicitud de recusaci\u00f3n contra la presidenta de la Sala Electoral del Tribunal Supremo de Justicia (TSJ), alegando que sus \u00abv\u00ednculos\u00bb con el Partido Socialista Unido de Venezuela (PSUV) comprometen su \u00abimparcialidad\u00bb en los casos que se est\u00e1n tramitando en el tribunal.<\/p>\n\n\n\n<p>M\u00e1rquez enfatiz\u00f3 que se han proporcionado \u00abpruebas s\u00f3lidas que evidencian la conexi\u00f3n pol\u00edtica de la presidenta\u00bb, enfatizando que un funcionario no puede ejercer la justicia de manera imparcial si est\u00e1 involucrado en actividades partidistas.<\/p>\n\n\n\n<p>Aunque se recibi\u00f3 el recurso, M\u00e1rquez expres\u00f3 su descontento por la falta de un documento que lo respaldara oficialmente, lo que plantea dudas sobre la \u00abtransparencia\u00bb del proceso. \u201cNuestro recurso no solo se basa en la falta de imparcialidad, sino que tambi\u00e9n incluye una serie de denuncias relacionadas con el manejo irregular del proceso electoral\u201d, afirm\u00f3.<\/p>\n\n\n\n<p>El l\u00edder pol\u00edtico mencion\u00f3 siete acusaciones que respaldan la demanda presentada. En particular, resalta la incapacidad de su equipo para acceder al expediente, lo que dificulta el desarrollo de las habilidades especializadas requeridas. Adem\u00e1s, se\u00f1al\u00f3 la \u00abausencia de pruebas escritas\u00bb en relaci\u00f3n a la recepci\u00f3n de tres documentos que ya se hab\u00edan entregado al proceso.<\/p>\n\n\n\n<p>Adem\u00e1s, mencion\u00f3 la dificultad de presentar testigos durante el proceso de experticias, explicando que, a pesar de sus insistencias, no pudieron hacerlo.<\/p>\n\n\n\n<p>Adicionalmente, expres\u00f3 su preocupaci\u00f3n por el hecho de que no pudieron contar con la presencia de expertos involucrados en este proceso. Finalmente, enfatiz\u00f3 que no se conoce el progreso del recurso contencioso electoral que Nicol\u00e1s Maduro present\u00f3.<\/p>\n\n\n\n<p>\u00ab\u00bfPor qu\u00e9 se impide que los candidatos y los testigos presencien lo que est\u00e1 ocurriendo? Lo \u00fanico que hemos visto son individuos con tapabocas y pasamonta\u00f1as, lo cual perjudica notablemente la democracia y la transparencia\u00bb, se\u00f1al\u00f3.<\/p>\n\n\n\n<p>Seg\u00fan \u00e9l, la elecci\u00f3n del 28 de julio ten\u00eda como objetivo unir a los venezolanos, sin embargo, la evoluci\u00f3n del proceso en la Sala Electoral ha generado una mayor \u00abdescontento\u00bb en la poblaci\u00f3n.<\/p>\n\n\n\n<p>\u00ab\u00bfD\u00f3nde est\u00e1n las actas? Si se han consignado, \u00bfpor qu\u00e9 no se hacen p\u00fablicos los resultados? Estos pertenecen a los venezolanos, quienes estaban all\u00ed en cada urna. Este secretismo no ayuda a nadie\u00bb, se\u00f1al\u00f3.<\/p>\n\n\n\n<p>M\u00e1rquez afirm\u00f3 que la ley exige la publicaci\u00f3n de los resultados, ya que no se puede dejar indefenso al elector. \u00abQuienes exigimos transparencia no estamos conspirando; somos ciudadanos venezolanos. No se trata de un capricho, sino de una demanda leg\u00edtima para que las leyes se cumplan y as\u00ed salvaguardar la paz en nuestro pa\u00eds\u00bb, afirm\u00f3.<\/p>\n\n\n\n<p>Por \u00faltimo, hizo un llamado para que se \u00abconsidere la complicada situaci\u00f3n\u00bb en la que se encuentran los ciudadanos venezolanos. \u00abParece que no hay intenci\u00f3n, ni por parte del Gobierno, del TSJ ni del CNE, de solucionar este conflicto. pareciera que este procedimiento estuviera en las penumbras\u00bb, agreg\u00f3.<br><strong><em>GS \/ Agencias<\/em><\/strong><\/p>\n","protected":false},"excerpt":{"rendered":"<p>ENTRE TORMENTAS. Este martes 20 de agosto el excandidato presidencial, Enrique M\u00e1rquez, present\u00f3 una solicitud&#8230;<\/p>\n","protected":false},"author":2,"featured_media":6614,"comment_status":"closed","ping_status":"open","sticky":false,"template":"","format":"standard","meta":{"footnotes":""},"categories":[56,49],"tags":[],"class_list":["post-6613","post","type-post","status-publish","format-standard","has-post-thumbnail","hentry","category-destacadas","category-nacionales"],"_links":{"self":[{"href":"https:\/\/entretormentas.com\/index.php?rest_route=\/wp\/v2\/posts\/6613","targetHints":{"allow":["GET"]}}],"collection":[{"href":"https:\/\/entretormentas.com\/index.php?rest_route=\/wp\/v2\/posts"}],"about":[{"href":"https:\/\/entretormentas.com\/index.php?rest_route=\/wp\/v2\/types\/post"}],"author":[{"embeddable":true,"href":"https:\/\/entretormentas.com\/index.php?rest_route=\/wp\/v2\/users\/2"}],"replies":[{"embeddable":true,"href":"https:\/\/entretormentas.com\/index.php?rest_route=%2Fwp%2Fv2%2Fcomments&post=6613"}],"version-history":[{"count":1,"href":"https:\/\/entretormentas.com\/index.php?rest_route=\/wp\/v2\/posts\/6613\/revisions"}],"predecessor-version":[{"id":6615,"href":"https:\/\/entretormentas.com\/index.php?rest_route=\/wp\/v2\/posts\/6613\/revisions\/6615"}],"wp:featuredmedia":[{"embeddable":true,"href":"https:\/\/entretormentas.com\/index.php?rest_route=\/wp\/v2\/media\/6614"}],"wp:attachment":[{"href":"https:\/\/entretormentas.com\/index.php?rest_route=%2Fwp%2Fv2%2Fmedia&parent=6613"}],"wp:term":[{"taxonomy":"category","embeddable":true,"href":"https:\/\/entretormentas.com\/index.php?rest_route=%2Fwp%2Fv2%2Fcategories&post=6613"},{"taxonomy":"post_tag","embeddable":true,"href":"https:\/\/entretormentas.com\/index.php?rest_route=%2Fwp%2Fv2%2Ftags&post=6613"}],"curies":[{"name":"wp","href":"https:\/\/api.w.org\/{rel}","templated":true}]}}