{"id":6643,"date":"2024-08-22T10:30:27","date_gmt":"2024-08-22T08:30:27","guid":{"rendered":"https:\/\/entretormentas.com\/?p=6643"},"modified":"2024-08-22T10:30:28","modified_gmt":"2024-08-22T08:30:28","slug":"canciller-gil-el-tren-de-aragua-y-el-tren-del-llano-fueron-contratados-por-la-oposicion","status":"publish","type":"post","link":"https:\/\/entretormentas.com\/canciller-gil-el-tren-de-aragua-y-el-tren-del-llano-fueron-contratados-por-la-oposicion\/","title":{"rendered":"CANCILLER GIL: \u00abEl Tren de Aragua y el Tren del Llano fueron contratados por la oposici\u00f3n\u00bb"},"content":{"rendered":"\n<p><strong>ENTRE TORMENTAS. <\/strong>El canciller de la Rep\u00fablica, Yv\u00e1n Gil, inform\u00f3 que \u201cel Tren de Aragua y el Tren del Llano fueron contratados por la oposici\u00f3n para un golpe de Estado (\u2026) esto junto con todo el aparataje que se ha desplegado en las redes sociales, adem\u00e1s, del golpe cibern\u00e9tico\u00bb.<\/p>\n\n\n\n<p>Durante su alocuci\u00f3n con el Cuerpo Diplom\u00e1tico, en la casa amarilla, Gil se\u00f1al\u00f3 que \u00abeste es un formato de delincuencia organizada de la CIA y dise\u00f1ado por los Estados Unidos\u00bb.<\/p>\n\n\n\n<p>\u00abNos han golpeado todas las instituciones (\u2026) en la canciller\u00eda nos hacen 25 millones de ataques, nada m\u00e1s en la canciller\u00eda que es una p\u00e1gina web que da informaci\u00f3n y tambi\u00e9n sufre ataque\u00bb, dijo.<\/p>\n\n\n\n<p>Adem\u00e1s, coment\u00f3 sobre el recurrente uso de los llamados influencers, y dijo que \u00abfueron pagados por agentes extra\u00f1os y todo dentro de una campa\u00f1a para derrocar al gobierno leg\u00edtimo y constitucional\u00bb.<\/p>\n\n\n\n<p>\u00abLa oposici\u00f3n no reconoce ning\u00fan poder del Estado y como aspiran tener el reconocimiento del pueblo, si ellos no reconocen ninguna instituci\u00f3n de Venezuela (\u2026) trataron de inflar la concentraci\u00f3n y le sali\u00f3 mal\u00bb, expres\u00f3.<\/p>\n\n\n\n<p>En ese sentido, cuestion\u00f3 que \u00absi usted tiene los ocho millones de votantes, no puede convocar cinco mil personas a reclamar en esa manifestaci\u00f3n y este pueblo no quiere violencia, quiere seguir trabajando en el marco de la legalidad\u00bb.<\/p>\n\n\n\n<p>\u00abLo que se vive en las calles de Venezuela es una absoluta normalidad, como la normalidad que vivimos previo al proceso electoral\u00bb, concluy\u00f3. <\/p>\n\n\n\n<p><strong><em>GS \/ Globovisi\u00f3n<\/em><\/strong><\/p>\n","protected":false},"excerpt":{"rendered":"<p>ENTRE TORMENTAS. El canciller de la Rep\u00fablica, Yv\u00e1n Gil, inform\u00f3 que \u201cel Tren de Aragua&#8230;<\/p>\n","protected":false},"author":2,"featured_media":6644,"comment_status":"closed","ping_status":"open","sticky":false,"template":"","format":"standard","meta":{"footnotes":""},"categories":[56,49],"tags":[],"class_list":["post-6643","post","type-post","status-publish","format-standard","has-post-thumbnail","hentry","category-destacadas","category-nacionales"],"_links":{"self":[{"href":"https:\/\/entretormentas.com\/index.php?rest_route=\/wp\/v2\/posts\/6643","targetHints":{"allow":["GET"]}}],"collection":[{"href":"https:\/\/entretormentas.com\/index.php?rest_route=\/wp\/v2\/posts"}],"about":[{"href":"https:\/\/entretormentas.com\/index.php?rest_route=\/wp\/v2\/types\/post"}],"author":[{"embeddable":true,"href":"https:\/\/entretormentas.com\/index.php?rest_route=\/wp\/v2\/users\/2"}],"replies":[{"embeddable":true,"href":"https:\/\/entretormentas.com\/index.php?rest_route=%2Fwp%2Fv2%2Fcomments&post=6643"}],"version-history":[{"count":1,"href":"https:\/\/entretormentas.com\/index.php?rest_route=\/wp\/v2\/posts\/6643\/revisions"}],"predecessor-version":[{"id":6645,"href":"https:\/\/entretormentas.com\/index.php?rest_route=\/wp\/v2\/posts\/6643\/revisions\/6645"}],"wp:featuredmedia":[{"embeddable":true,"href":"https:\/\/entretormentas.com\/index.php?rest_route=\/wp\/v2\/media\/6644"}],"wp:attachment":[{"href":"https:\/\/entretormentas.com\/index.php?rest_route=%2Fwp%2Fv2%2Fmedia&parent=6643"}],"wp:term":[{"taxonomy":"category","embeddable":true,"href":"https:\/\/entretormentas.com\/index.php?rest_route=%2Fwp%2Fv2%2Fcategories&post=6643"},{"taxonomy":"post_tag","embeddable":true,"href":"https:\/\/entretormentas.com\/index.php?rest_route=%2Fwp%2Fv2%2Ftags&post=6643"}],"curies":[{"name":"wp","href":"https:\/\/api.w.org\/{rel}","templated":true}]}}