{"id":6655,"date":"2024-08-22T10:39:30","date_gmt":"2024-08-22T08:39:30","guid":{"rendered":"https:\/\/entretormentas.com\/?p=6655"},"modified":"2024-08-22T10:39:31","modified_gmt":"2024-08-22T08:39:31","slug":"por-no-haber-denuncias-fiscal-afirma-que-el-estado-no-es-responsable-de-las-muertes-en-protestas-post-28-j","status":"publish","type":"post","link":"https:\/\/entretormentas.com\/por-no-haber-denuncias-fiscal-afirma-que-el-estado-no-es-responsable-de-las-muertes-en-protestas-post-28-j\/","title":{"rendered":"\u00a1POR NO HABER DENUNCIAS! Fiscal afirma que el Estado no es responsable de las muertes en protestas post 28-J"},"content":{"rendered":"\n<p><strong>ENTRE TORMENTAS. <\/strong>El fiscal general de Venezuela, Tarek William Saab, afirm\u00f3 este mi\u00e9rcoles que de 25 muertes registradas en las protestas poselectorales, ninguna es atribuible a los \u00abcuerpos de seguridad del Estado\u00bb. Asegur\u00f3 que 70% de las v\u00edctimas fueron asesinadas por \u00abgrupos delincuenciales\u00bb que relacion\u00f3 con la mayor coalici\u00f3n opositora, sin precisar los responsables de 30% restante de los decesos.<\/p>\n\n\n\n<p>\u00abLiteralmente, de todas las v\u00edctimas, 70% fueron asesinadas por los grupos delincuenciales. Voy a decir la primera gran conclusi\u00f3n. Ninguno (muerto) atribuible a cuerpos de seguridad del Estado, ninguno atribuible a funcionarios civiles o militares o policiales vinculados al Estado. Porque no tenemos una sola denuncia\u00bb, asegur\u00f3 Saab.<\/p>\n\n\n\n<p><strong>CIFRAS ACTUALIZADAS<\/strong><br>En una reuni\u00f3n ante diplom\u00e1ticos acreditados en Venezuela, transmitida por el canal Globovisi\u00f3n, Saab inform\u00f3 que hay que sumar dos muertes a las 25 registradas en principio, porque \u00abla tranca de v\u00edas con encapuchados\u00bb y \u00abhombres armados\u00bb ocasionaron \u00abdos accidentes fatales\u00bb e \u00abindujeron la muerte de dos personas\u00bb.<\/p>\n\n\n\n<p>Dijo que la Fiscal\u00eda registr\u00f3 190 heridos en las protestas, de los cuales -asegur\u00f3- \u00abaproximadamente 100 son miembros de los cuerpos policiales y militares\u00bb.<\/p>\n\n\n\n<p>Tras las elecciones, la mayor coalici\u00f3n opositora, la Plataforma Unitaria Democr\u00e1tica (PUD), consider\u00f3 como \u00abfraudulento\u00bb que las autoridades electorales declararan al mandatario Nicol\u00e1s Maduro como ganador de las presidenciales, lo que desencaden\u00f3 manifestaciones contra el resultado oficial, que adem\u00e1s de muertos y heridos dejaron m\u00e1s de dos mil 400 detenidos, seg\u00fan la Fiscal\u00eda.<br><strong><em>GS \/ El Nacional<\/em><\/strong><\/p>\n","protected":false},"excerpt":{"rendered":"<p>ENTRE TORMENTAS. El fiscal general de Venezuela, Tarek William Saab, afirm\u00f3 este mi\u00e9rcoles que de&#8230;<\/p>\n","protected":false},"author":2,"featured_media":6656,"comment_status":"closed","ping_status":"open","sticky":false,"template":"","format":"standard","meta":{"footnotes":""},"categories":[56,49],"tags":[],"class_list":["post-6655","post","type-post","status-publish","format-standard","has-post-thumbnail","hentry","category-destacadas","category-nacionales"],"_links":{"self":[{"href":"https:\/\/entretormentas.com\/index.php?rest_route=\/wp\/v2\/posts\/6655","targetHints":{"allow":["GET"]}}],"collection":[{"href":"https:\/\/entretormentas.com\/index.php?rest_route=\/wp\/v2\/posts"}],"about":[{"href":"https:\/\/entretormentas.com\/index.php?rest_route=\/wp\/v2\/types\/post"}],"author":[{"embeddable":true,"href":"https:\/\/entretormentas.com\/index.php?rest_route=\/wp\/v2\/users\/2"}],"replies":[{"embeddable":true,"href":"https:\/\/entretormentas.com\/index.php?rest_route=%2Fwp%2Fv2%2Fcomments&post=6655"}],"version-history":[{"count":1,"href":"https:\/\/entretormentas.com\/index.php?rest_route=\/wp\/v2\/posts\/6655\/revisions"}],"predecessor-version":[{"id":6657,"href":"https:\/\/entretormentas.com\/index.php?rest_route=\/wp\/v2\/posts\/6655\/revisions\/6657"}],"wp:featuredmedia":[{"embeddable":true,"href":"https:\/\/entretormentas.com\/index.php?rest_route=\/wp\/v2\/media\/6656"}],"wp:attachment":[{"href":"https:\/\/entretormentas.com\/index.php?rest_route=%2Fwp%2Fv2%2Fmedia&parent=6655"}],"wp:term":[{"taxonomy":"category","embeddable":true,"href":"https:\/\/entretormentas.com\/index.php?rest_route=%2Fwp%2Fv2%2Fcategories&post=6655"},{"taxonomy":"post_tag","embeddable":true,"href":"https:\/\/entretormentas.com\/index.php?rest_route=%2Fwp%2Fv2%2Ftags&post=6655"}],"curies":[{"name":"wp","href":"https:\/\/api.w.org\/{rel}","templated":true}]}}