{"id":6678,"date":"2024-08-23T10:12:59","date_gmt":"2024-08-23T08:12:59","guid":{"rendered":"https:\/\/entretormentas.com\/?p=6678"},"modified":"2024-08-23T10:13:00","modified_gmt":"2024-08-23T08:13:00","slug":"decide-la-gente-san-francisco-inicia-proceso-para-el-presupuesto-participativo-2025","status":"publish","type":"post","link":"https:\/\/entretormentas.com\/decide-la-gente-san-francisco-inicia-proceso-para-el-presupuesto-participativo-2025\/","title":{"rendered":"\u00a1DECIDE LA GENTE! San Francisco inicia proceso para el Presupuesto Participativo 2025"},"content":{"rendered":"\n<p><strong>ENTRE TORMENTAS.<\/strong> Las discusiones iniciaron esta semana y est\u00e1n en fase preparatoria y de diagn\u00f3stico preliminar para medir los alcances del Plan Operativo Anual que, a su vez, servir\u00e1 como punto de inicio a la consulta popular que se realizar\u00e1 para el presupuesto del 2025.<\/p>\n\n\n\n<p>Esta herramienta es importante y brinda la oportunidad para que el ayuntamiento consulte a las comunidades organizadas cu\u00e1les son sus prioridades y constar\u00e1 de cinco fases que brindar\u00e1n la oportunidad no solo de identificar, sino evaluar problemas y posibles soluciones.<\/p>\n\n\n\n<p>Luego de cumplirse la primera fase que consta b\u00e1sicamente de la evaluaci\u00f3n del ejercicio fiscal, analizando sus logros y prosecuci\u00f3n de proyectos, posteriormente viene la convocatoria a participar en la consulta que est\u00e1 disponible en la p\u00e1gina web de la alcald\u00eda para luego exponer los resultados de la encuesta, con esto se cumplir\u00edan las fases dos y tres de la normativa.<\/p>\n\n\n\n<figure class=\"wp-block-image size-large\"><img fetchpriority=\"high\" decoding=\"async\" width=\"1024\" height=\"682\" src=\"https:\/\/entretormentas.com\/wp-content\/uploads\/2024\/08\/image-141-1024x682.png\" alt=\"\" class=\"wp-image-6680\" srcset=\"https:\/\/entretormentas.com\/wp-content\/uploads\/2024\/08\/image-141-1024x682.png 1024w, https:\/\/entretormentas.com\/wp-content\/uploads\/2024\/08\/image-141-300x200.png 300w, https:\/\/entretormentas.com\/wp-content\/uploads\/2024\/08\/image-141-768x511.png 768w, https:\/\/entretormentas.com\/wp-content\/uploads\/2024\/08\/image-141.png 1080w\" sizes=\"(max-width: 1024px) 100vw, 1024px\" \/><\/figure>\n\n\n\n<p>La cuarta fase consta de la plenaria que se realizar\u00e1 la primera quincena de octubre donde las comunidades se reunir\u00e1n con el alcalde de San Francisco, Gustavo Fern\u00e1ndez y tambi\u00e9n tendr\u00e1 participaci\u00f3n el Consejo Local de Planificaci\u00f3n P\u00fablica (CLPP), consejos comunales, comunas, concejales, comunidades organizadas, entre otros.<\/p>\n\n\n\n<p>En la quinta y \u00faltima fase se estima tener la elaboraci\u00f3n del producto final que es la propuesta tanto del Plan Operativo Anual como el de inversi\u00f3n y presupuesto que va a servir para que las unidades t\u00e9cnicas construyan el presupuesto del a\u00f1o 2025.<\/p>\n\n\n\n<p>Al igual que los a\u00f1os anteriores, esta actividad se realizar\u00e1 de forma progresiva en diferentes puntos de las siete parroquias que conforman la geograf\u00eda sure\u00f1a, a fin de escuchar e intercambiar ideas con los representantes de las comunidades y decidir en qu\u00e9 \u00e1reas o servicios desean que la alcald\u00eda invierta el dinero del presupuesto anual 2025.<br><strong><em>GS \/ Alcald\u00eda de San Francisco<\/em><\/strong><\/p>\n","protected":false},"excerpt":{"rendered":"<p>ENTRE TORMENTAS. Las discusiones iniciaron esta semana y est\u00e1n en fase preparatoria y de diagn\u00f3stico&#8230;<\/p>\n","protected":false},"author":2,"featured_media":6679,"comment_status":"closed","ping_status":"open","sticky":false,"template":"","format":"standard","meta":{"footnotes":""},"categories":[57,1],"tags":[],"class_list":["post-6678","post","type-post","status-publish","format-standard","has-post-thumbnail","hentry","category-actualidad","category-regionales"],"_links":{"self":[{"href":"https:\/\/entretormentas.com\/index.php?rest_route=\/wp\/v2\/posts\/6678","targetHints":{"allow":["GET"]}}],"collection":[{"href":"https:\/\/entretormentas.com\/index.php?rest_route=\/wp\/v2\/posts"}],"about":[{"href":"https:\/\/entretormentas.com\/index.php?rest_route=\/wp\/v2\/types\/post"}],"author":[{"embeddable":true,"href":"https:\/\/entretormentas.com\/index.php?rest_route=\/wp\/v2\/users\/2"}],"replies":[{"embeddable":true,"href":"https:\/\/entretormentas.com\/index.php?rest_route=%2Fwp%2Fv2%2Fcomments&post=6678"}],"version-history":[{"count":1,"href":"https:\/\/entretormentas.com\/index.php?rest_route=\/wp\/v2\/posts\/6678\/revisions"}],"predecessor-version":[{"id":6681,"href":"https:\/\/entretormentas.com\/index.php?rest_route=\/wp\/v2\/posts\/6678\/revisions\/6681"}],"wp:featuredmedia":[{"embeddable":true,"href":"https:\/\/entretormentas.com\/index.php?rest_route=\/wp\/v2\/media\/6679"}],"wp:attachment":[{"href":"https:\/\/entretormentas.com\/index.php?rest_route=%2Fwp%2Fv2%2Fmedia&parent=6678"}],"wp:term":[{"taxonomy":"category","embeddable":true,"href":"https:\/\/entretormentas.com\/index.php?rest_route=%2Fwp%2Fv2%2Fcategories&post=6678"},{"taxonomy":"post_tag","embeddable":true,"href":"https:\/\/entretormentas.com\/index.php?rest_route=%2Fwp%2Fv2%2Ftags&post=6678"}],"curies":[{"name":"wp","href":"https:\/\/api.w.org\/{rel}","templated":true}]}}