{"id":6737,"date":"2024-08-24T10:30:15","date_gmt":"2024-08-24T08:30:15","guid":{"rendered":"https:\/\/entretormentas.com\/?p=6737"},"modified":"2024-08-24T10:30:16","modified_gmt":"2024-08-24T08:30:16","slug":"capriles-radonski-decision-del-tsj-profundiza-la-crisis-politica-en-el-pais","status":"publish","type":"post","link":"https:\/\/entretormentas.com\/capriles-radonski-decision-del-tsj-profundiza-la-crisis-politica-en-el-pais\/","title":{"rendered":"CAPRILES RADONSKI: \u00abDecisi\u00f3n del TSJ profundiza la crisis pol\u00edtica en el pa\u00eds\u00bb"},"content":{"rendered":"\n<p><strong>ENTRE TORMENTAS. <\/strong>El dirigente pol\u00edtico de Primero Justicia, Henrique Capriles Randonski, considera que la decisi\u00f3n del Tribunal Supremo de Justicia (TSJ) de convalidar los resultados emitidos por el Consejo Nacional Electoral (CNE) que dan como ganador a Nicol\u00e1s Maduro de los comicios del pasado 28 de julio solo \u00abprofundiza la crisis pol\u00edtica\u00bb en el pa\u00eds.<\/p>\n\n\n\n<p>Mediante la red social X, Capriles, manifest\u00f3 su desacuerdo argumentando que \u00abesta \u00faltima decisi\u00f3n de la sala electoral del TSJ NO resuelve ni cambia lo que el pueblo venezolano decidi\u00f3 EN PAZ con su VOTO el 28 de julio\u00bb.<\/p>\n\n\n\n<p>Adem\u00e1s, se\u00f1al\u00f3 que \u00ablo \u00fanico que hace la sentencia es profundizar la crisis pol\u00edtica, econ\u00f3mica y social de nuestro pa\u00eds. Reafirma a su vez la grav\u00edsima situaci\u00f3n institucional que profundiza la desconfianza de la gran mayor\u00eda de los venezolanos en el sistema de administraci\u00f3n de justicia\u00bb.<\/p>\n\n\n\n<p>Asimismo, Capriles, sostuvo que junto a la gente se buscar\u00e1 que prevalezca la verdad y el respeto por la soberan\u00eda popular: \u00abSeguiremos junto a la gente buscando que prevalezca la verdad y se respete EN PAZ la soberan\u00eda popular. La mentira jam\u00e1s podr\u00e1 ser una soluci\u00f3n para Venezuela\u00bb.<br><strong><em>GS \/ Agencias<\/em><\/strong><\/p>\n","protected":false},"excerpt":{"rendered":"<p>ENTRE TORMENTAS. El dirigente pol\u00edtico de Primero Justicia, Henrique Capriles Randonski, considera que la decisi\u00f3n&#8230;<\/p>\n","protected":false},"author":2,"featured_media":6739,"comment_status":"closed","ping_status":"open","sticky":false,"template":"","format":"standard","meta":{"footnotes":""},"categories":[49],"tags":[],"class_list":["post-6737","post","type-post","status-publish","format-standard","has-post-thumbnail","hentry","category-nacionales"],"_links":{"self":[{"href":"https:\/\/entretormentas.com\/index.php?rest_route=\/wp\/v2\/posts\/6737","targetHints":{"allow":["GET"]}}],"collection":[{"href":"https:\/\/entretormentas.com\/index.php?rest_route=\/wp\/v2\/posts"}],"about":[{"href":"https:\/\/entretormentas.com\/index.php?rest_route=\/wp\/v2\/types\/post"}],"author":[{"embeddable":true,"href":"https:\/\/entretormentas.com\/index.php?rest_route=\/wp\/v2\/users\/2"}],"replies":[{"embeddable":true,"href":"https:\/\/entretormentas.com\/index.php?rest_route=%2Fwp%2Fv2%2Fcomments&post=6737"}],"version-history":[{"count":1,"href":"https:\/\/entretormentas.com\/index.php?rest_route=\/wp\/v2\/posts\/6737\/revisions"}],"predecessor-version":[{"id":6740,"href":"https:\/\/entretormentas.com\/index.php?rest_route=\/wp\/v2\/posts\/6737\/revisions\/6740"}],"wp:featuredmedia":[{"embeddable":true,"href":"https:\/\/entretormentas.com\/index.php?rest_route=\/wp\/v2\/media\/6739"}],"wp:attachment":[{"href":"https:\/\/entretormentas.com\/index.php?rest_route=%2Fwp%2Fv2%2Fmedia&parent=6737"}],"wp:term":[{"taxonomy":"category","embeddable":true,"href":"https:\/\/entretormentas.com\/index.php?rest_route=%2Fwp%2Fv2%2Fcategories&post=6737"},{"taxonomy":"post_tag","embeddable":true,"href":"https:\/\/entretormentas.com\/index.php?rest_route=%2Fwp%2Fv2%2Ftags&post=6737"}],"curies":[{"name":"wp","href":"https:\/\/api.w.org\/{rel}","templated":true}]}}