{"id":6762,"date":"2024-08-25T11:13:33","date_gmt":"2024-08-25T09:13:33","guid":{"rendered":"https:\/\/entretormentas.com\/?p=6762"},"modified":"2024-08-25T11:13:34","modified_gmt":"2024-08-25T09:13:34","slug":"con-apoyo-del-imdep-san-francisco-se-titula-campeon-del-estadal-de-voleibol-femenino","status":"publish","type":"post","link":"https:\/\/entretormentas.com\/con-apoyo-del-imdep-san-francisco-se-titula-campeon-del-estadal-de-voleibol-femenino\/","title":{"rendered":"\u00a1CON APOYO DEL IMDEP! San Francisco se titula campe\u00f3n del estadal de voleibol femenino"},"content":{"rendered":"\n<p><strong>ENTRE TORMENTAS. <\/strong>La selecci\u00f3n infantil de Voleibol femenino del municipio San Francisco se titul\u00f3 en el campeonato estadal derrotando en la final a su similar de Maracaibo, en el evento disputado en el municipio Lagunillas.<\/p>\n\n\n\n<p>El equipo sure\u00f1o integrado por jugadoras de la escuela de Voleibol Nolberto Chourio impulsada desde el Instituto P\u00fablico Municipal de Deporte de San Francisco (IMDEP) entrenado por Gustavo Urribarr\u00ed y Elena Herrera gan\u00f3 el torneo invicto (7-0)<\/p>\n\n\n\n<figure class=\"wp-block-image size-full\"><img fetchpriority=\"high\" decoding=\"async\" width=\"722\" height=\"540\" src=\"https:\/\/entretormentas.com\/wp-content\/uploads\/2024\/08\/image-174.png\" alt=\"\" class=\"wp-image-6763\" srcset=\"https:\/\/entretormentas.com\/wp-content\/uploads\/2024\/08\/image-174.png 722w, https:\/\/entretormentas.com\/wp-content\/uploads\/2024\/08\/image-174-300x224.png 300w\" sizes=\"(max-width: 722px) 100vw, 722px\" \/><\/figure>\n\n\n\n<p>A la cita de la malla alta asistieron los municipios: Cabimas, Col\u00f3n, Sim\u00f3n Bol\u00edvar, Maracaibo, Lagunillas, La Ca\u00f1ada, Catatumbo, Rosario de Perij\u00e1, San Francisco, Mara, Jes\u00fas Enrique Lossada, Machiques de Perij\u00e1 y Miranda.<\/p>\n\n\n\n<p>El regional tambi\u00e9n sirvi\u00f3 para elegir a la selecci\u00f3n del estado que participar\u00e1 en el campeonato nacional a disputarse en San Felipe, estado Yaracuy en el mes de septiembre.<br><strong><em>GS \/ Prensa IMDEP<\/em><\/strong><\/p>\n","protected":false},"excerpt":{"rendered":"<p>ENTRE TORMENTAS. La selecci\u00f3n infantil de Voleibol femenino del municipio San Francisco se titul\u00f3 en&#8230;<\/p>\n","protected":false},"author":2,"featured_media":6764,"comment_status":"closed","ping_status":"open","sticky":false,"template":"","format":"standard","meta":{"footnotes":""},"categories":[57,53],"tags":[],"class_list":["post-6762","post","type-post","status-publish","format-standard","has-post-thumbnail","hentry","category-actualidad","category-deportes"],"_links":{"self":[{"href":"https:\/\/entretormentas.com\/index.php?rest_route=\/wp\/v2\/posts\/6762","targetHints":{"allow":["GET"]}}],"collection":[{"href":"https:\/\/entretormentas.com\/index.php?rest_route=\/wp\/v2\/posts"}],"about":[{"href":"https:\/\/entretormentas.com\/index.php?rest_route=\/wp\/v2\/types\/post"}],"author":[{"embeddable":true,"href":"https:\/\/entretormentas.com\/index.php?rest_route=\/wp\/v2\/users\/2"}],"replies":[{"embeddable":true,"href":"https:\/\/entretormentas.com\/index.php?rest_route=%2Fwp%2Fv2%2Fcomments&post=6762"}],"version-history":[{"count":1,"href":"https:\/\/entretormentas.com\/index.php?rest_route=\/wp\/v2\/posts\/6762\/revisions"}],"predecessor-version":[{"id":6765,"href":"https:\/\/entretormentas.com\/index.php?rest_route=\/wp\/v2\/posts\/6762\/revisions\/6765"}],"wp:featuredmedia":[{"embeddable":true,"href":"https:\/\/entretormentas.com\/index.php?rest_route=\/wp\/v2\/media\/6764"}],"wp:attachment":[{"href":"https:\/\/entretormentas.com\/index.php?rest_route=%2Fwp%2Fv2%2Fmedia&parent=6762"}],"wp:term":[{"taxonomy":"category","embeddable":true,"href":"https:\/\/entretormentas.com\/index.php?rest_route=%2Fwp%2Fv2%2Fcategories&post=6762"},{"taxonomy":"post_tag","embeddable":true,"href":"https:\/\/entretormentas.com\/index.php?rest_route=%2Fwp%2Fv2%2Ftags&post=6762"}],"curies":[{"name":"wp","href":"https:\/\/api.w.org\/{rel}","templated":true}]}}